{"id":5657,"date":"2015-06-08T15:24:48","date_gmt":"2015-06-08T15:24:48","guid":{"rendered":""},"modified":"2015-06-08T15:24:48","modified_gmt":"2015-06-08T15:24:48","slug":"potencial-vacuna-es-segura-contra-enfermedad-meningococica","status":"publish","type":"post","link":"https:\/\/sertv.gob.pa\/nacionalfm\/potencial-vacuna-es-segura-contra-enfermedad-meningococica\/","title":{"rendered":"Potencial vacuna es segura contra enfermedad meningoc\u00f3cica"},"content":{"rendered":"<p>\nHasta el momento existen vacunas aprobadas por organismos de salud que protegen contra cuatro de los cinco tipos de meningococo m\u00e1s frecuentes, que son los serotipos A, C, W y Y. Actualmente  la comunidad cient\u00edfica trabaja en el desarrollo de una vacuna contra el tipo B de meningococo . <\/p>\n<p> El resultado de una investigaci\u00f3n, que cont\u00f3 con un equipo de cient\u00edficos paname\u00f1os y extranjeros, acaba de ser publicado con el fin de demostrar la seguridad y el nivel potencial de protecci\u00f3n de una nueva vacuna que, adem\u00e1s de proteger contra los serotipos A, C, Y y W, incluir\u00eda precisamente el tipo B.  <\/p>\n<p>La revista cient\u00edfica &ldquo;   Human Vaccines &#038; Immunotherapeutics  &rdquo; public\u00f3 en mayo el resultado del estudio &ldquo;  Immunogenicity and safety of investigational vaccine formulations against meningococcal serogroups A, B, C, W y Y in healthy adolescents &rdquo;, siendo su investigador principal el m\u00e9dico paname\u00f1o  Xavier S\u00e1ez-Llorens , jefe del departamento de Infectolog\u00eda del Hospital del Ni\u00f1o. <\/p>\n<p>Indicasat fue la entidad encargada de la organizaci\u00f3n log\u00edstica del estudio que encontr\u00f3 seguridad en la nueva vacuna aplicada a 495 adolescentes de Panam\u00e1, Colombia y Chile, de entre 11 a 18 a\u00f1os. <\/p>\n<p>Se trabaj\u00f3 con un producto manufacturado por Novartis (ahora GSK) que combina la vacuna tetravalente contra los tipos A, C, Y, W (&ldquo;Menveo&rdquo;) con una vacuna recombinante formada por combinaci\u00f3n de ant\u00edgenos del meningococo tipo B (&ldquo;rMenB&rdquo;). <\/p>\n<p>La investigaci\u00f3n demostr\u00f3 que  la vacuna es segura , pues solo se produjeron algunas reacciones secundarias banales como fiebre, dolor y endurecimiento en \u00e1rea de aplicaci\u00f3n, alergia cut\u00e1nea leve al aplicarla a seres humanos (en este caso, adolescentes) y que induce inmunidad, es decir, anticuerpos protectores contra la enfermedad, afirma el doctor S\u00e1ez-Llorens. <\/p>\n<p>\u00a0 <\/p>\n","protected":false},"excerpt":{"rendered":"<p>Hasta el momento existen vacunas aprobadas por organismos de salud <a href=\"https:\/\/sertv.gob.pa\/nacionalfm\/potencial-vacuna-es-segura-contra-enfermedad-meningococica\/\"> [&#8230;]<\/a><\/p>\n","protected":false},"author":1,"featured_media":5658,"comment_status":"closed","ping_status":"closed","sticky":false,"template":"","format":"standard","meta":{"footnotes":""},"categories":[5],"tags":[],"class_list":["post-5657","post","type-post","status-publish","format-standard","has-post-thumbnail","hentry","category-salud"],"_links":{"self":[{"href":"https:\/\/sertv.gob.pa\/nacionalfm\/wp-json\/wp\/v2\/posts\/5657","targetHints":{"allow":["GET"]}}],"collection":[{"href":"https:\/\/sertv.gob.pa\/nacionalfm\/wp-json\/wp\/v2\/posts"}],"about":[{"href":"https:\/\/sertv.gob.pa\/nacionalfm\/wp-json\/wp\/v2\/types\/post"}],"author":[{"embeddable":true,"href":"https:\/\/sertv.gob.pa\/nacionalfm\/wp-json\/wp\/v2\/users\/1"}],"replies":[{"embeddable":true,"href":"https:\/\/sertv.gob.pa\/nacionalfm\/wp-json\/wp\/v2\/comments?post=5657"}],"version-history":[{"count":0,"href":"https:\/\/sertv.gob.pa\/nacionalfm\/wp-json\/wp\/v2\/posts\/5657\/revisions"}],"wp:featuredmedia":[{"embeddable":true,"href":"https:\/\/sertv.gob.pa\/nacionalfm\/wp-json\/wp\/v2\/media\/5658"}],"wp:attachment":[{"href":"https:\/\/sertv.gob.pa\/nacionalfm\/wp-json\/wp\/v2\/media?parent=5657"}],"wp:term":[{"taxonomy":"category","embeddable":true,"href":"https:\/\/sertv.gob.pa\/nacionalfm\/wp-json\/wp\/v2\/categories?post=5657"},{"taxonomy":"post_tag","embeddable":true,"href":"https:\/\/sertv.gob.pa\/nacionalfm\/wp-json\/wp\/v2\/tags?post=5657"}],"curies":[{"name":"wp","href":"https:\/\/api.w.org\/{rel}","templated":true}]}}