{"id":5681,"date":"2015-06-09T15:22:01","date_gmt":"2015-06-09T15:22:01","guid":{"rendered":""},"modified":"2015-06-09T15:22:01","modified_gmt":"2015-06-09T15:22:01","slug":"insuficiencia-ovarica-primaria","status":"publish","type":"post","link":"https:\/\/sertv.gob.pa\/nacionalfm\/insuficiencia-ovarica-primaria\/","title":{"rendered":"Insuficiencia ov\u00e1rica primaria"},"content":{"rendered":"<p>\nLa  insuficiencia ov\u00e1rica primaria  afecta al 1% de las mujeres y es una condici\u00f3n donde la  mujer  es  inf\u00e9rtil  porque sus ovarios no producen \u00f3vulos, se\u00f1alan los expertos. <\/p>\n<p>Esta infertilidad se debe a la falta de crecimiento del fol\u00edculo (peque\u00f1o elemento en forma de bolsa en la cual el ovocito es almacenado hasta su maduraci\u00f3n y su liberaci\u00f3n) y por ende a la falta de ovulaci\u00f3n, detalla Kazuhiro Kawamura, profesor asociado de obstetricia y ginecolog\u00eda en la Escuela St. Marianna, Jap\u00f3n. <\/p>\n<p>La \u00fanica opci\u00f3n de tratamiento eficaz para este mal era la donaci\u00f3n de \u00f3vulos, asegura el investigador, quien recuerda que en 2013 se hizo\u00a0un estudio que dio como resultado una t\u00e9cnica de activaci\u00f3n  in vitro  y estimulaci\u00f3n hormonal. <\/p>\n<p>En la investigaci\u00f3n participaron 27 pacientes de 37 a\u00f1os, que hab\u00edan dejado de menstruar en un promedio de 6.8 a\u00f1os antes del someterse a esta t\u00e9cnica. <\/p>\n<p>De hecho, gracias a la aplicaci\u00f3n de esta t\u00e9cnica del estudio efectuado por la Escuela de Medicina de la Universidad de Stanford, Estados Unidos, y en el que particip\u00f3 Kawamura- las pacientes han tenido embarazos exitosos con sus propios \u00f3vulos. <\/p>\n<p>A la hora de realizar el proceso es necesario quitar un ovario, o una parte del ovario, tratarlo fuera del cuerpo y para luego \u00a0reimplantarlo pr\u00f3ximo a las trompas de falopio, explica Kawamura en una presentaci\u00f3n, en el marco del  Sexto Congreso IVI sobre Medicina Reproductiva 2015 , ocurrido en Alicante (Espa\u00f1a). <\/p>\n<p>Despu\u00e9s de este paso, la mujer recibe hormonas para activar el crecimiento de los fol\u00edculos y este crecimiento se controla a trav\u00e9s de un ultrasonido transvaginal, indica. <\/p>\n<p>En su intervenci\u00f3n menciona que contin\u00faan las investigaciones para conocer si esta t\u00e9cnica funciona con pacientes que son inf\u00e9rtiles por otras causas, ya que tal vez puede llegar a funcionar en pacientes con una menopausia precoz, generada por otros factores como la quimioterapia. <\/p>\n<p>\u00a0 <\/p>\n","protected":false},"excerpt":{"rendered":"<p>La insuficiencia ov\u00e1rica primaria afecta al 1% de las mujeres <a href=\"https:\/\/sertv.gob.pa\/nacionalfm\/insuficiencia-ovarica-primaria\/\"> [&#8230;]<\/a><\/p>\n","protected":false},"author":1,"featured_media":5682,"comment_status":"closed","ping_status":"closed","sticky":false,"template":"","format":"standard","meta":{"footnotes":""},"categories":[5],"tags":[],"class_list":["post-5681","post","type-post","status-publish","format-standard","has-post-thumbnail","hentry","category-salud"],"_links":{"self":[{"href":"https:\/\/sertv.gob.pa\/nacionalfm\/wp-json\/wp\/v2\/posts\/5681","targetHints":{"allow":["GET"]}}],"collection":[{"href":"https:\/\/sertv.gob.pa\/nacionalfm\/wp-json\/wp\/v2\/posts"}],"about":[{"href":"https:\/\/sertv.gob.pa\/nacionalfm\/wp-json\/wp\/v2\/types\/post"}],"author":[{"embeddable":true,"href":"https:\/\/sertv.gob.pa\/nacionalfm\/wp-json\/wp\/v2\/users\/1"}],"replies":[{"embeddable":true,"href":"https:\/\/sertv.gob.pa\/nacionalfm\/wp-json\/wp\/v2\/comments?post=5681"}],"version-history":[{"count":0,"href":"https:\/\/sertv.gob.pa\/nacionalfm\/wp-json\/wp\/v2\/posts\/5681\/revisions"}],"wp:featuredmedia":[{"embeddable":true,"href":"https:\/\/sertv.gob.pa\/nacionalfm\/wp-json\/wp\/v2\/media\/5682"}],"wp:attachment":[{"href":"https:\/\/sertv.gob.pa\/nacionalfm\/wp-json\/wp\/v2\/media?parent=5681"}],"wp:term":[{"taxonomy":"category","embeddable":true,"href":"https:\/\/sertv.gob.pa\/nacionalfm\/wp-json\/wp\/v2\/categories?post=5681"},{"taxonomy":"post_tag","embeddable":true,"href":"https:\/\/sertv.gob.pa\/nacionalfm\/wp-json\/wp\/v2\/tags?post=5681"}],"curies":[{"name":"wp","href":"https:\/\/api.w.org\/{rel}","templated":true}]}}