{"id":5685,"date":"2015-06-09T15:36:05","date_gmt":"2015-06-09T15:36:05","guid":{"rendered":""},"modified":"2015-06-09T15:36:05","modified_gmt":"2015-06-09T15:36:05","slug":"5ta-maraton-internacional-de-donacion-de-sangre-continua","status":"publish","type":"post","link":"https:\/\/sertv.gob.pa\/nacionalfm\/5ta-maraton-internacional-de-donacion-de-sangre-continua\/","title":{"rendered":"5ta. Marat\u00f3n Internacional de Donaci\u00f3n de Sangre contin\u00faa"},"content":{"rendered":"<p>\nHoy, 9 de junio de 2015, sigue la 5ta. Marat\u00f3n Internacional de Donaci\u00f3n de Sangre, desde las 8:00 a.m. hasta la 1:00 p.m. y de 4:00 p.m. hasta las 8:00 p.m. en la Universidad del Istmo (sede de avenida Justo Arosemena). <\/p>\n<p>Hace poco Panam\u00e1 se sum\u00f3 a los 22 pa\u00edses de Am\u00e9rica y Europa que participan de la 5ta. Marat\u00f3n Internacional de Donaci\u00f3n de Sangre, bajo el ya tradicional lema: &ldquo;En la sangre est\u00e1 la vida&rdquo;. <\/p>\n<p>Se trata de una campa\u00f1a de concienciaci\u00f3n que lleva a cabo peri\u00f3dicamente la Embajada Mundial de Activistas por la Paz, con el apoyo de las autoridades locales de salud de cada naci\u00f3n y con la colaboraci\u00f3n de instituciones educativas, en las cuales se busca generar una cultura de donaci\u00f3n activa-voluntaria de sangre, seg\u00fan explic\u00f3 Ariel Cerrud Franco, coordinador en Panam\u00e1 de dicho organismo internacional. <\/p>\n<p>La campa\u00f1a se estar\u00e1 realizando -simult\u00e1neamente- a nivel internacional en este mes de junio. Se efectuar\u00e1n jornadas masivas de captaci\u00f3n de donantes voluntarios en distintas instituciones educativas y de salud de todo el pa\u00eds, a favor de los bancos de sangre de las regiones de Panam\u00e1. <\/p>\n<p>\u00a0 <\/p>\n","protected":false},"excerpt":{"rendered":"<p>Hoy, 9 de junio de 2015, sigue la 5ta. Marat\u00f3n <a href=\"https:\/\/sertv.gob.pa\/nacionalfm\/5ta-maraton-internacional-de-donacion-de-sangre-continua\/\"> [&#8230;]<\/a><\/p>\n","protected":false},"author":1,"featured_media":5686,"comment_status":"closed","ping_status":"closed","sticky":false,"template":"","format":"standard","meta":{"footnotes":""},"categories":[5],"tags":[],"class_list":["post-5685","post","type-post","status-publish","format-standard","has-post-thumbnail","hentry","category-salud"],"_links":{"self":[{"href":"https:\/\/sertv.gob.pa\/nacionalfm\/wp-json\/wp\/v2\/posts\/5685","targetHints":{"allow":["GET"]}}],"collection":[{"href":"https:\/\/sertv.gob.pa\/nacionalfm\/wp-json\/wp\/v2\/posts"}],"about":[{"href":"https:\/\/sertv.gob.pa\/nacionalfm\/wp-json\/wp\/v2\/types\/post"}],"author":[{"embeddable":true,"href":"https:\/\/sertv.gob.pa\/nacionalfm\/wp-json\/wp\/v2\/users\/1"}],"replies":[{"embeddable":true,"href":"https:\/\/sertv.gob.pa\/nacionalfm\/wp-json\/wp\/v2\/comments?post=5685"}],"version-history":[{"count":0,"href":"https:\/\/sertv.gob.pa\/nacionalfm\/wp-json\/wp\/v2\/posts\/5685\/revisions"}],"wp:featuredmedia":[{"embeddable":true,"href":"https:\/\/sertv.gob.pa\/nacionalfm\/wp-json\/wp\/v2\/media\/5686"}],"wp:attachment":[{"href":"https:\/\/sertv.gob.pa\/nacionalfm\/wp-json\/wp\/v2\/media?parent=5685"}],"wp:term":[{"taxonomy":"category","embeddable":true,"href":"https:\/\/sertv.gob.pa\/nacionalfm\/wp-json\/wp\/v2\/categories?post=5685"},{"taxonomy":"post_tag","embeddable":true,"href":"https:\/\/sertv.gob.pa\/nacionalfm\/wp-json\/wp\/v2\/tags?post=5685"}],"curies":[{"name":"wp","href":"https:\/\/api.w.org\/{rel}","templated":true}]}}