{"id":569,"date":"2014-07-28T05:00:00","date_gmt":"2014-07-28T05:00:00","guid":{"rendered":""},"modified":"2014-07-28T05:00:00","modified_gmt":"2014-07-28T05:00:00","slug":"pacientes-con-psoriasis-son-discriminados","status":"publish","type":"post","link":"https:\/\/sertv.gob.pa\/nacionalfm\/pacientes-con-psoriasis-son-discriminados\/","title":{"rendered":"Pacientes con psoriasis son discriminados"},"content":{"rendered":"<p>\nLa mayor\u00eda de los pacientes con la enfermedad de piel conocida como psoriasis, enfrentan en nuestro pa\u00eds alguna clase de discriminaci\u00f3n. <\/p>\n<p>Esta informaci\u00f3n la dio a conocer el vicepresidente de la Fundaci\u00f3n Psoriasis de Panam\u00e1, Felipe Chapman, quien revel\u00f3 que 65% de la poblaci\u00f3n con este padecimiento son discriminados en su trabajo y hasta por sus propios familiares. <\/p>\n<p>Esta cifra resulta alarmante para activistas locales de respeto a los derechos humanos, tomando en consideraci\u00f3n que alrededor de 60,000 paname\u00f1os sufren de psoriasis. <\/p>\n<p>Se trata de una enfermedad caracterizada por presentar descamaci\u00f3n e inflamaci\u00f3n en la piel. <\/p>\n<p>Seg\u00fan Chapman, 50% los pacientes sufre discriminaci\u00f3n al desplazarse por espacios p\u00fablicos. Otro 30% es discriminado en el trabajo y 20% enfrenta discriminaci\u00f3n entre su propia familia, debido a su aspecto o a mitos err\u00f3neos que le atribuyen un car\u00e1cter contagioso a esta enfermedad, lo cual no es cierto. <\/p>\n<p>&ldquo;Lo ir\u00f3nico es que vivimos en un pa\u00eds que se puede jactar de ser signatario de marcos legales tendientes a proteger a toda persona contra discriminaci\u00f3n por enfermedad, pero en la pr\u00e1ctica se da&rdquo;, denunci\u00f3 Chapman. <\/p>\n<p>Incluso, un tipo de discriminaci\u00f3n puede provenir de los propios sistemas oficiales de salud hacia los ciudadanos, cuando no se les tramitan atenciones con la urgencia que ameritan. <\/p>\n<p>Chapman explic\u00f3 que este es el caso de Panam\u00e1, puesto que la Caja de Seguro Social (CSS) y el Ministerio de Salud (Minsa) no ofrecen todos los tratamientos necesarios para paliar este mal, lo que hace que un paciente deba contratar atenci\u00f3n privada, con costos anuales que pueden ir desde $5,000 hasta $20,000, o m\u00e1s. <\/p>\n","protected":false},"excerpt":{"rendered":"<p>La mayor\u00eda de los pacientes con la enfermedad de piel <a href=\"https:\/\/sertv.gob.pa\/nacionalfm\/pacientes-con-psoriasis-son-discriminados\/\"> [&#8230;]<\/a><\/p>\n","protected":false},"author":1,"featured_media":570,"comment_status":"closed","ping_status":"closed","sticky":false,"template":"","format":"standard","meta":{"footnotes":""},"categories":[5],"tags":[],"class_list":["post-569","post","type-post","status-publish","format-standard","has-post-thumbnail","hentry","category-salud"],"_links":{"self":[{"href":"https:\/\/sertv.gob.pa\/nacionalfm\/wp-json\/wp\/v2\/posts\/569","targetHints":{"allow":["GET"]}}],"collection":[{"href":"https:\/\/sertv.gob.pa\/nacionalfm\/wp-json\/wp\/v2\/posts"}],"about":[{"href":"https:\/\/sertv.gob.pa\/nacionalfm\/wp-json\/wp\/v2\/types\/post"}],"author":[{"embeddable":true,"href":"https:\/\/sertv.gob.pa\/nacionalfm\/wp-json\/wp\/v2\/users\/1"}],"replies":[{"embeddable":true,"href":"https:\/\/sertv.gob.pa\/nacionalfm\/wp-json\/wp\/v2\/comments?post=569"}],"version-history":[{"count":0,"href":"https:\/\/sertv.gob.pa\/nacionalfm\/wp-json\/wp\/v2\/posts\/569\/revisions"}],"wp:featuredmedia":[{"embeddable":true,"href":"https:\/\/sertv.gob.pa\/nacionalfm\/wp-json\/wp\/v2\/media\/570"}],"wp:attachment":[{"href":"https:\/\/sertv.gob.pa\/nacionalfm\/wp-json\/wp\/v2\/media?parent=569"}],"wp:term":[{"taxonomy":"category","embeddable":true,"href":"https:\/\/sertv.gob.pa\/nacionalfm\/wp-json\/wp\/v2\/categories?post=569"},{"taxonomy":"post_tag","embeddable":true,"href":"https:\/\/sertv.gob.pa\/nacionalfm\/wp-json\/wp\/v2\/tags?post=569"}],"curies":[{"name":"wp","href":"https:\/\/api.w.org\/{rel}","templated":true}]}}