{"id":5705,"date":"2015-06-10T15:09:43","date_gmt":"2015-06-10T15:09:43","guid":{"rendered":""},"modified":"2015-06-10T15:09:43","modified_gmt":"2015-06-10T15:09:43","slug":"hallan-relacion-entre-salud-de-una-persona-y-mes-de-nacimiento","status":"publish","type":"post","link":"https:\/\/sertv.gob.pa\/nacionalfm\/hallan-relacion-entre-salud-de-una-persona-y-mes-de-nacimiento\/","title":{"rendered":"Hallan relaci\u00f3n entre salud de una persona y mes de nacimiento"},"content":{"rendered":"<p>\nCient\u00edficos de la Universidad de Columbia (Nueva York, EE.UU.) han encontrado una relaci\u00f3n entre la salud de una persona y el mes de su nacimiento. <\/p>\n<p>Los nacidos en mayo son quienes padecen menos dolencias mientras que quienes ven la luz por primera vez en octubre visitan con mayor frecuencia a los doctores. <\/p>\n<p> El estudio, que ha sido publicado en el &#8216;Journal of American Medical Informatics Association&#8217;, fue realizado desde 1985 hasta 2013.  <\/p>\n<p>Los cient\u00edficos de la Universidad de Columbia analizaron datos sanitarios de cerca de 1,7 millones de pacientes para llegar a la conclusi\u00f3n de que 55 del total de 1.688 enfermedades que presentaron las personas objeto del estudio estaban directamente relacionadas con su mes de nacimiento. <\/p>\n<p> Por ejemplo, las personas nacidas en julio u octubre son las m\u00e1s propensas a sufrir \u00a0ataques de asma mientras aquellos que celebran su cumplea\u00f1os en marzo corren un mayor peligro de sufrir enfermedades cardiovasculares e insuficiencia card\u00edaca.   <\/p>\n<p>Adem\u00e1s, el trastorno por d\u00e9ficit de atenci\u00f3n con hiperactividad es m\u00e1s caracter\u00edstico de las personas nacidas en el mes de noviembre. <\/p>\n<p>\u00a0 <\/p>\n<p>\u00a0 <\/p>\n","protected":false},"excerpt":{"rendered":"<p>Cient\u00edficos de la Universidad de Columbia (Nueva York, EE.UU.) han <a href=\"https:\/\/sertv.gob.pa\/nacionalfm\/hallan-relacion-entre-salud-de-una-persona-y-mes-de-nacimiento\/\"> [&#8230;]<\/a><\/p>\n","protected":false},"author":1,"featured_media":5706,"comment_status":"closed","ping_status":"closed","sticky":false,"template":"","format":"standard","meta":{"footnotes":""},"categories":[5],"tags":[],"class_list":["post-5705","post","type-post","status-publish","format-standard","has-post-thumbnail","hentry","category-salud"],"_links":{"self":[{"href":"https:\/\/sertv.gob.pa\/nacionalfm\/wp-json\/wp\/v2\/posts\/5705","targetHints":{"allow":["GET"]}}],"collection":[{"href":"https:\/\/sertv.gob.pa\/nacionalfm\/wp-json\/wp\/v2\/posts"}],"about":[{"href":"https:\/\/sertv.gob.pa\/nacionalfm\/wp-json\/wp\/v2\/types\/post"}],"author":[{"embeddable":true,"href":"https:\/\/sertv.gob.pa\/nacionalfm\/wp-json\/wp\/v2\/users\/1"}],"replies":[{"embeddable":true,"href":"https:\/\/sertv.gob.pa\/nacionalfm\/wp-json\/wp\/v2\/comments?post=5705"}],"version-history":[{"count":0,"href":"https:\/\/sertv.gob.pa\/nacionalfm\/wp-json\/wp\/v2\/posts\/5705\/revisions"}],"wp:featuredmedia":[{"embeddable":true,"href":"https:\/\/sertv.gob.pa\/nacionalfm\/wp-json\/wp\/v2\/media\/5706"}],"wp:attachment":[{"href":"https:\/\/sertv.gob.pa\/nacionalfm\/wp-json\/wp\/v2\/media?parent=5705"}],"wp:term":[{"taxonomy":"category","embeddable":true,"href":"https:\/\/sertv.gob.pa\/nacionalfm\/wp-json\/wp\/v2\/categories?post=5705"},{"taxonomy":"post_tag","embeddable":true,"href":"https:\/\/sertv.gob.pa\/nacionalfm\/wp-json\/wp\/v2\/tags?post=5705"}],"curies":[{"name":"wp","href":"https:\/\/api.w.org\/{rel}","templated":true}]}}