{"id":5729,"date":"2015-06-11T15:15:27","date_gmt":"2015-06-11T15:15:27","guid":{"rendered":""},"modified":"2015-06-11T15:15:27","modified_gmt":"2015-06-11T15:15:27","slug":"se-registran-73-casos-de-picadura-de-alacran-en-san-miguelito","status":"publish","type":"post","link":"https:\/\/sertv.gob.pa\/nacionalfm\/se-registran-73-casos-de-picadura-de-alacran-en-san-miguelito\/","title":{"rendered":"Se registran 73 casos de picadura de alacr\u00e1n en San Miguelito"},"content":{"rendered":"<p>\nUnos 73 casos de picaduras de alacr\u00e1n o &ldquo;alacranismo&rdquo; se han registrado\u00a0 en el distrito de San Miguelito en lo que va de 2015, revel\u00f3 la jefa de epidemiolog\u00eda de la Regi\u00f3n de Salud de San Miguelito, Astevia\u00a0 Vega, durante el desarrollo del seminario: &ldquo;Normativas\u00a0 para el tratamiento de las picaduras\u00a0 de alacranes&rdquo;, que estuvo dirigido al personal m\u00e9dico que labora en los seis centros de salud de este distrito. <\/p>\n<p>Las mayor\u00eda de las picaduras de alacranes de este a\u00f1o se registraron en los corregimientos de\u00a0Chilibre, Alcalde D\u00edaz, Rufina Alfaro y Amelia\u00a0 Denis de\u00a0\u00a0Icaza, de los cuales\u00a0 31 se atendieron \u00a0en el Centro de Salud de San Isidro, 24 en el Hospital San Miguel \u00a0Arc\u00e1ngel, 5\u00a0en el Centro de Salud de Torrijos Carter, 4 en el Centro de Salud Alcalde D\u00edaz, 8 en el Hospital Susana Jones y 1 en el Centro de Salud de\u00a0 Cerro Batea. <\/p>\n<p>La epidemi\u00f3loga destac\u00f3 que en Panam\u00e1 hay un aumento de un 10 % de los casos de picaduras de alacranes, en\u00a0 su mayor\u00eda por envenenamiento leve producido por picaduras de \u00a0alacranes no venenosos como el centhruroides, que habita com\u00fanmente en zonas urbanas. <\/p>\n<p>En Panam\u00e1 circulan dos g\u00e9neros de alacranes: el\u00a0\u00a0 tityus, que es venenoso y\u00a0 habita en las zonas selv\u00e1ticas y el centhruroides. <\/p>\n<p>La funcionaria asegur\u00f3 que el Ministerio de Salud\u00a0 (MINSA) responsablemente ha distribuido en las 14 regiones de salud suficiente \u00a0veneno antialacran y explic\u00f3 que \u00bb no todas las picaduras \u00a0de alacranes requieren de veneno antialacran, \u00a0se usa solo en el caso de que el paciente presente\u00a0 manifestaciones de \u00edndole gastrointestinal como: dolor abdominal, na\u00faseas y aumento de la sudoraci\u00f3n, presi\u00f3n baja y alta. <\/p>\n<p>Las autoridades de salud recomiendan que\u00a0ante la picadura \u00a0de alacr\u00e1n el paciente no se debe automedicar sino acudir a la\u00a0instalaci\u00f3n\u00a0de salud m\u00e1s cercana. <\/p>\n<p>\u00a0 <\/p>\n","protected":false},"excerpt":{"rendered":"<p>Unos 73 casos de picaduras de alacr\u00e1n o &ldquo;alacranismo&rdquo; se <a href=\"https:\/\/sertv.gob.pa\/nacionalfm\/se-registran-73-casos-de-picadura-de-alacran-en-san-miguelito\/\"> [&#8230;]<\/a><\/p>\n","protected":false},"author":1,"featured_media":5730,"comment_status":"closed","ping_status":"closed","sticky":false,"template":"","format":"standard","meta":{"footnotes":""},"categories":[5],"tags":[],"class_list":["post-5729","post","type-post","status-publish","format-standard","has-post-thumbnail","hentry","category-salud"],"_links":{"self":[{"href":"https:\/\/sertv.gob.pa\/nacionalfm\/wp-json\/wp\/v2\/posts\/5729","targetHints":{"allow":["GET"]}}],"collection":[{"href":"https:\/\/sertv.gob.pa\/nacionalfm\/wp-json\/wp\/v2\/posts"}],"about":[{"href":"https:\/\/sertv.gob.pa\/nacionalfm\/wp-json\/wp\/v2\/types\/post"}],"author":[{"embeddable":true,"href":"https:\/\/sertv.gob.pa\/nacionalfm\/wp-json\/wp\/v2\/users\/1"}],"replies":[{"embeddable":true,"href":"https:\/\/sertv.gob.pa\/nacionalfm\/wp-json\/wp\/v2\/comments?post=5729"}],"version-history":[{"count":0,"href":"https:\/\/sertv.gob.pa\/nacionalfm\/wp-json\/wp\/v2\/posts\/5729\/revisions"}],"wp:featuredmedia":[{"embeddable":true,"href":"https:\/\/sertv.gob.pa\/nacionalfm\/wp-json\/wp\/v2\/media\/5730"}],"wp:attachment":[{"href":"https:\/\/sertv.gob.pa\/nacionalfm\/wp-json\/wp\/v2\/media?parent=5729"}],"wp:term":[{"taxonomy":"category","embeddable":true,"href":"https:\/\/sertv.gob.pa\/nacionalfm\/wp-json\/wp\/v2\/categories?post=5729"},{"taxonomy":"post_tag","embeddable":true,"href":"https:\/\/sertv.gob.pa\/nacionalfm\/wp-json\/wp\/v2\/tags?post=5729"}],"curies":[{"name":"wp","href":"https:\/\/api.w.org\/{rel}","templated":true}]}}