{"id":5731,"date":"2015-06-11T15:24:14","date_gmt":"2015-06-11T15:24:14","guid":{"rendered":""},"modified":"2015-06-11T15:24:14","modified_gmt":"2015-06-11T15:24:14","slug":"alertan-a-ciudadania-sobre-sindrome-respiratorio-coronavirus","status":"publish","type":"post","link":"https:\/\/sertv.gob.pa\/nacionalfm\/alertan-a-ciudadania-sobre-sindrome-respiratorio-coronavirus\/","title":{"rendered":"Alertan a ciudadan\u00eda sobre S\u00edndrome Respiratorio Coronavirus"},"content":{"rendered":"<p>\nEl Ministerio de Salud (Minsa) alert\u00f3 a la poblaci\u00f3n de la existencia de un nuevo brote respiratorio en el Medio Oriente, conocido como S\u00edndrome Respiratorio Coronavirus. <\/p>\n<p>A trav\u00e9s de la secci\u00f3n de vigilancia internacional del Departamento de Epidemiolog\u00eda, la entidad inform\u00f3 que el brote est\u00e1 afectando actualmente a Corea del Sur, Arabia Saudita y China. <\/p>\n<p>Se dio a conocer igualmente que hasta el momento en el pa\u00eds no se ha registrado ning\u00fan caso de este brote respiratorio. <\/p>\n<p>Aunque todav\u00eda no se han determinado las causas de contagio del virus, informes preliminares revelan la posibilidad de que sea por medio de gotas esparcidas cuando una persona infectada tose o estornuda sin cubrirse. <\/p>\n<p>Recomiendan \u00a0usar pa\u00f1uelos al toser, lavarse las manos frecuentemente, no tocarse la cara y ojos sin lavarse las manos y evitar sitios aglomerados. <\/p>\n<p>\u00a0 <\/p>\n","protected":false},"excerpt":{"rendered":"<p>El Ministerio de Salud (Minsa) alert\u00f3 a la poblaci\u00f3n de <a href=\"https:\/\/sertv.gob.pa\/nacionalfm\/alertan-a-ciudadania-sobre-sindrome-respiratorio-coronavirus\/\"> [&#8230;]<\/a><\/p>\n","protected":false},"author":1,"featured_media":5732,"comment_status":"closed","ping_status":"closed","sticky":false,"template":"","format":"standard","meta":{"footnotes":""},"categories":[5],"tags":[],"class_list":["post-5731","post","type-post","status-publish","format-standard","has-post-thumbnail","hentry","category-salud"],"_links":{"self":[{"href":"https:\/\/sertv.gob.pa\/nacionalfm\/wp-json\/wp\/v2\/posts\/5731","targetHints":{"allow":["GET"]}}],"collection":[{"href":"https:\/\/sertv.gob.pa\/nacionalfm\/wp-json\/wp\/v2\/posts"}],"about":[{"href":"https:\/\/sertv.gob.pa\/nacionalfm\/wp-json\/wp\/v2\/types\/post"}],"author":[{"embeddable":true,"href":"https:\/\/sertv.gob.pa\/nacionalfm\/wp-json\/wp\/v2\/users\/1"}],"replies":[{"embeddable":true,"href":"https:\/\/sertv.gob.pa\/nacionalfm\/wp-json\/wp\/v2\/comments?post=5731"}],"version-history":[{"count":0,"href":"https:\/\/sertv.gob.pa\/nacionalfm\/wp-json\/wp\/v2\/posts\/5731\/revisions"}],"wp:featuredmedia":[{"embeddable":true,"href":"https:\/\/sertv.gob.pa\/nacionalfm\/wp-json\/wp\/v2\/media\/5732"}],"wp:attachment":[{"href":"https:\/\/sertv.gob.pa\/nacionalfm\/wp-json\/wp\/v2\/media?parent=5731"}],"wp:term":[{"taxonomy":"category","embeddable":true,"href":"https:\/\/sertv.gob.pa\/nacionalfm\/wp-json\/wp\/v2\/categories?post=5731"},{"taxonomy":"post_tag","embeddable":true,"href":"https:\/\/sertv.gob.pa\/nacionalfm\/wp-json\/wp\/v2\/tags?post=5731"}],"curies":[{"name":"wp","href":"https:\/\/api.w.org\/{rel}","templated":true}]}}