{"id":57460,"date":"2020-08-28T19:30:31","date_gmt":"2020-08-28T19:30:31","guid":{"rendered":"https:\/\/sertv.gob.pa\/nacionalfm\/?p=57460"},"modified":"2020-08-28T22:11:12","modified_gmt":"2020-08-28T22:11:12","slug":"donacion-de-camas-y-otros-suministros-reciben-en-hospital-regional-dr-rafael-hernandez-l-en-david-chiriqui","status":"publish","type":"post","link":"https:\/\/sertv.gob.pa\/nacionalfm\/donacion-de-camas-y-otros-suministros-reciben-en-hospital-regional-dr-rafael-hernandez-l-en-david-chiriqui\/","title":{"rendered":"Donaci\u00f3n de camas y otros suministros, reciben en Hospital Regional \u201cDr. Rafael Hern\u00e1ndez L.\u201d, en David, Chiriqu\u00ed"},"content":{"rendered":"<p>Un total de 40 nuevas camas el\u00e9ctricas llegaron al Hospital Regional \u201cDr. Rafael Hern\u00e1ndez L.\u201d en David, provincia de Chiriqu\u00ed, para la atenci\u00f3n de pacientes COVID-19.\u00a0 Con estas 40 camas, se va a tener la disponibilidad de m\u00e1s de un 40% de camas para pacientes con coronavirus. Adem\u00e1s, permite cumplir con los indicadores necesarios a nivel de salud en la provincia y con la pr\u00f3xima apertura de una sala contigua al cuarto de urgencias.<\/p>\n<p>Del mismo modo, se entregaron a las autoridades de la torre quir\u00fargica del Centro Hospitalario Especializado \u201cDr. Rafael Hern\u00e1ndez L.\u201d, en David, 10 ventiladores marca Zoll que fueron donados a la Caja de Seguro Social y a su vez al hospital.<\/p>\n<p>&nbsp;<\/p>\n<p>Fuente: MINSA<\/p>\n","protected":false},"excerpt":{"rendered":"<p>Un total de 40 nuevas camas el\u00e9ctricas llegaron al Hospital <a href=\"https:\/\/sertv.gob.pa\/nacionalfm\/donacion-de-camas-y-otros-suministros-reciben-en-hospital-regional-dr-rafael-hernandez-l-en-david-chiriqui\/\"> [&#8230;]<\/a><\/p>\n","protected":false},"author":9,"featured_media":57465,"comment_status":"closed","ping_status":"closed","sticky":false,"template":"","format":"standard","meta":{"footnotes":""},"categories":[2],"tags":[],"class_list":["post-57460","post","type-post","status-publish","format-standard","has-post-thumbnail","hentry","category-nacionales"],"_links":{"self":[{"href":"https:\/\/sertv.gob.pa\/nacionalfm\/wp-json\/wp\/v2\/posts\/57460","targetHints":{"allow":["GET"]}}],"collection":[{"href":"https:\/\/sertv.gob.pa\/nacionalfm\/wp-json\/wp\/v2\/posts"}],"about":[{"href":"https:\/\/sertv.gob.pa\/nacionalfm\/wp-json\/wp\/v2\/types\/post"}],"author":[{"embeddable":true,"href":"https:\/\/sertv.gob.pa\/nacionalfm\/wp-json\/wp\/v2\/users\/9"}],"replies":[{"embeddable":true,"href":"https:\/\/sertv.gob.pa\/nacionalfm\/wp-json\/wp\/v2\/comments?post=57460"}],"version-history":[{"count":1,"href":"https:\/\/sertv.gob.pa\/nacionalfm\/wp-json\/wp\/v2\/posts\/57460\/revisions"}],"predecessor-version":[{"id":57466,"href":"https:\/\/sertv.gob.pa\/nacionalfm\/wp-json\/wp\/v2\/posts\/57460\/revisions\/57466"}],"wp:featuredmedia":[{"embeddable":true,"href":"https:\/\/sertv.gob.pa\/nacionalfm\/wp-json\/wp\/v2\/media\/57465"}],"wp:attachment":[{"href":"https:\/\/sertv.gob.pa\/nacionalfm\/wp-json\/wp\/v2\/media?parent=57460"}],"wp:term":[{"taxonomy":"category","embeddable":true,"href":"https:\/\/sertv.gob.pa\/nacionalfm\/wp-json\/wp\/v2\/categories?post=57460"},{"taxonomy":"post_tag","embeddable":true,"href":"https:\/\/sertv.gob.pa\/nacionalfm\/wp-json\/wp\/v2\/tags?post=57460"}],"curies":[{"name":"wp","href":"https:\/\/api.w.org\/{rel}","templated":true}]}}