{"id":5759,"date":"2015-06-12T15:51:43","date_gmt":"2015-06-12T15:51:43","guid":{"rendered":""},"modified":"2015-06-12T15:51:43","modified_gmt":"2015-06-12T15:51:43","slug":"nuevo-caso-por-hantavirus-en-tonosi","status":"publish","type":"post","link":"https:\/\/sertv.gob.pa\/nacionalfm\/nuevo-caso-por-hantavirus-en-tonosi\/","title":{"rendered":"Nuevo caso por Hantavirus en Tonos\u00ed"},"content":{"rendered":"<p>\nEn\u00a0 el distrito de Tonos\u00ed, en la provincia de Los Santos, se report\u00f3 un nuevo caso de S\u00edndrome Pulmonar por Hantavirus . <\/p>\n<p>Nahir Cede\u00f1o, directora regional de salud de Los Santos, dio a conocer que se trata de una mujer de 21 a\u00f1os de edad,\u00a0\u00a0 quien\u00a0 ingres\u00f3 la semana pasada a la sala de cuidados intensivos del hospital Joaqu\u00edn Pablo Franco Sayas de Las Tablas. <\/p>\n<p>La paciente reside en la comunidad de El Arenal, cerca del hospital de Tonos\u00ed y se halla estable. <\/p>\n<p>Con su caso las estad\u00edsticas se elevan a 14 en lo que va del a\u00f1o 2015. <\/p>\n<p>\u00a0 <\/p>\n","protected":false},"excerpt":{"rendered":"<p>En\u00a0 el distrito de Tonos\u00ed, en la provincia de Los <a href=\"https:\/\/sertv.gob.pa\/nacionalfm\/nuevo-caso-por-hantavirus-en-tonosi\/\"> [&#8230;]<\/a><\/p>\n","protected":false},"author":1,"featured_media":5760,"comment_status":"closed","ping_status":"closed","sticky":false,"template":"","format":"standard","meta":{"footnotes":""},"categories":[5],"tags":[],"class_list":["post-5759","post","type-post","status-publish","format-standard","has-post-thumbnail","hentry","category-salud"],"_links":{"self":[{"href":"https:\/\/sertv.gob.pa\/nacionalfm\/wp-json\/wp\/v2\/posts\/5759","targetHints":{"allow":["GET"]}}],"collection":[{"href":"https:\/\/sertv.gob.pa\/nacionalfm\/wp-json\/wp\/v2\/posts"}],"about":[{"href":"https:\/\/sertv.gob.pa\/nacionalfm\/wp-json\/wp\/v2\/types\/post"}],"author":[{"embeddable":true,"href":"https:\/\/sertv.gob.pa\/nacionalfm\/wp-json\/wp\/v2\/users\/1"}],"replies":[{"embeddable":true,"href":"https:\/\/sertv.gob.pa\/nacionalfm\/wp-json\/wp\/v2\/comments?post=5759"}],"version-history":[{"count":0,"href":"https:\/\/sertv.gob.pa\/nacionalfm\/wp-json\/wp\/v2\/posts\/5759\/revisions"}],"wp:featuredmedia":[{"embeddable":true,"href":"https:\/\/sertv.gob.pa\/nacionalfm\/wp-json\/wp\/v2\/media\/5760"}],"wp:attachment":[{"href":"https:\/\/sertv.gob.pa\/nacionalfm\/wp-json\/wp\/v2\/media?parent=5759"}],"wp:term":[{"taxonomy":"category","embeddable":true,"href":"https:\/\/sertv.gob.pa\/nacionalfm\/wp-json\/wp\/v2\/categories?post=5759"},{"taxonomy":"post_tag","embeddable":true,"href":"https:\/\/sertv.gob.pa\/nacionalfm\/wp-json\/wp\/v2\/tags?post=5759"}],"curies":[{"name":"wp","href":"https:\/\/api.w.org\/{rel}","templated":true}]}}