{"id":5761,"date":"2015-06-12T15:57:57","date_gmt":"2015-06-12T15:57:57","guid":{"rendered":""},"modified":"2015-06-12T15:57:57","modified_gmt":"2015-06-12T15:57:57","slug":"dia-internacional-para-la-donacion-de-sangre","status":"publish","type":"post","link":"https:\/\/sertv.gob.pa\/nacionalfm\/dia-internacional-para-la-donacion-de-sangre\/","title":{"rendered":"D\u00eda Internacional para la Donaci\u00f3n de Sangre"},"content":{"rendered":"<p>\nDe las 3 mil donaciones de sangre que en promedio recibe el Hospital del Ni\u00f1o por a\u00f1o, apenas un 19% (570) corresponde a personas que donan de forma voluntaria. El resto incluye reposiciones &ndash;por el consumo de familiares enfermos&ndash; o es vendido. <\/p>\n<p>As\u00ed dio a conocer la encargada del Banco de Sangre del hospital, Arinda Alem\u00e1n, quien precis\u00f3 que el promedio mensual de donaciones es de unas 250 pintas, incluyendo aquellas otorgadas por reposici\u00f3n y las de manera voluntaria. <\/p>\n<p>De acuerdo con Alem\u00e1n, la cifra es baj\u00edsima, por lo que han coordinado con la Cruz Roja de Panam\u00e1 y con empresas privadas una jornada de donaci\u00f3n. <\/p>\n<p>Para este domingo 14, cuando se celebra el D\u00eda Internacional para la Donaci\u00f3n de Sangre, esperan recibir al menos 500 donaciones para los ni\u00f1os. <\/p>\n<p>Alem\u00e1n opina que el 100% de las donaciones deber\u00edan ser voluntarias, porque son m\u00e1s seguras. <\/p>\n<p>\u00a0 <\/p>\n","protected":false},"excerpt":{"rendered":"<p>De las 3 mil donaciones de sangre que en promedio <a href=\"https:\/\/sertv.gob.pa\/nacionalfm\/dia-internacional-para-la-donacion-de-sangre\/\"> [&#8230;]<\/a><\/p>\n","protected":false},"author":1,"featured_media":5762,"comment_status":"closed","ping_status":"closed","sticky":false,"template":"","format":"standard","meta":{"footnotes":""},"categories":[5],"tags":[],"class_list":["post-5761","post","type-post","status-publish","format-standard","has-post-thumbnail","hentry","category-salud"],"_links":{"self":[{"href":"https:\/\/sertv.gob.pa\/nacionalfm\/wp-json\/wp\/v2\/posts\/5761","targetHints":{"allow":["GET"]}}],"collection":[{"href":"https:\/\/sertv.gob.pa\/nacionalfm\/wp-json\/wp\/v2\/posts"}],"about":[{"href":"https:\/\/sertv.gob.pa\/nacionalfm\/wp-json\/wp\/v2\/types\/post"}],"author":[{"embeddable":true,"href":"https:\/\/sertv.gob.pa\/nacionalfm\/wp-json\/wp\/v2\/users\/1"}],"replies":[{"embeddable":true,"href":"https:\/\/sertv.gob.pa\/nacionalfm\/wp-json\/wp\/v2\/comments?post=5761"}],"version-history":[{"count":0,"href":"https:\/\/sertv.gob.pa\/nacionalfm\/wp-json\/wp\/v2\/posts\/5761\/revisions"}],"wp:featuredmedia":[{"embeddable":true,"href":"https:\/\/sertv.gob.pa\/nacionalfm\/wp-json\/wp\/v2\/media\/5762"}],"wp:attachment":[{"href":"https:\/\/sertv.gob.pa\/nacionalfm\/wp-json\/wp\/v2\/media?parent=5761"}],"wp:term":[{"taxonomy":"category","embeddable":true,"href":"https:\/\/sertv.gob.pa\/nacionalfm\/wp-json\/wp\/v2\/categories?post=5761"},{"taxonomy":"post_tag","embeddable":true,"href":"https:\/\/sertv.gob.pa\/nacionalfm\/wp-json\/wp\/v2\/tags?post=5761"}],"curies":[{"name":"wp","href":"https:\/\/api.w.org\/{rel}","templated":true}]}}