{"id":57756,"date":"2020-09-03T18:00:12","date_gmt":"2020-09-03T18:00:12","guid":{"rendered":"https:\/\/sertv.gob.pa\/nacionalfm\/?p=57756"},"modified":"2020-09-03T21:18:28","modified_gmt":"2020-09-03T21:18:28","slug":"laboratorio-del-hospital-dr-rafael-hernandez-l-en-david-provincia-de-chiriqui-empieza-a-efectuar-pruebas-para-deteccion-del-covid-19","status":"publish","type":"post","link":"https:\/\/sertv.gob.pa\/nacionalfm\/laboratorio-del-hospital-dr-rafael-hernandez-l-en-david-provincia-de-chiriqui-empieza-a-efectuar-pruebas-para-deteccion-del-covid-19\/","title":{"rendered":"Laboratorio del Hospital \u201cDr. Rafael Hern\u00e1ndez L.\u201d, en David, provincia de Chiriqu\u00ed,  empieza a efectuar pruebas para detecci\u00f3n del COVID-19"},"content":{"rendered":"<p>&nbsp;<\/p>\n<p>El laboratorio cl\u00ednico del Hospital \u201cDr. Rafael Hern\u00e1ndez L.\u201d, de la CSS en David, provincia de Chiriqu\u00ed, empez\u00f3 a efectuar las pruebas de PCR para SARS-Cov-2, a pacientes hospitalizados, con la apertura del laboratorio de biolog\u00eda molecular y la utilizaci\u00f3n de una cabina de bioseguridad.<\/p>\n<p>Se trata de un importante avance que realiza este hospital, en medio de la pandemia que sacude al pa\u00eds, con el fin de tener los resultados lo m\u00e1s r\u00e1pido posible, de aquellos pacientes positivos o sospechosos por COVID-19, indic\u00f3, el Dr. Rolando Caballero, director m\u00e9dico del nosocomio.<\/p>\n<p>Se va a iniciar con 72 pruebas diarias y se est\u00e1 a la espera de una segunda cabina, para doblar el n\u00famero de pacientes.<\/p>\n<p>\u201cNos ayuda agilizar el manejo de los casos y no depender de los otros laboratorios locales que est\u00e1n llenos de muestras, porque da la oportunidad al personal m\u00e9dico del hospital, a trabajar con los pacientes lo m\u00e1s pronto posible, al conocer sus resultados para evitar sus complicaciones\u201d, coment\u00f3 el galeno.<\/p>\n<p>Hasta el momento, la unidad de cuidados respiratorios especiales, permite que el paciente no llegue a intensivo y esto les ha permitido tener esta semana, entre 12 y 15 camas desocupadas en intensivos, porque se le da una atenci\u00f3n m\u00e1s oportuna a los pacientes.<\/p>\n<p>&nbsp;<\/p>\n<p>Fuente: CSS<\/p>\n","protected":false},"excerpt":{"rendered":"<p>&nbsp; El laboratorio cl\u00ednico del Hospital \u201cDr. Rafael Hern\u00e1ndez L.\u201d, <a href=\"https:\/\/sertv.gob.pa\/nacionalfm\/laboratorio-del-hospital-dr-rafael-hernandez-l-en-david-provincia-de-chiriqui-empieza-a-efectuar-pruebas-para-deteccion-del-covid-19\/\"> [&#8230;]<\/a><\/p>\n","protected":false},"author":9,"featured_media":57465,"comment_status":"closed","ping_status":"closed","sticky":false,"template":"","format":"standard","meta":{"footnotes":""},"categories":[5],"tags":[],"class_list":["post-57756","post","type-post","status-publish","format-standard","has-post-thumbnail","hentry","category-salud"],"_links":{"self":[{"href":"https:\/\/sertv.gob.pa\/nacionalfm\/wp-json\/wp\/v2\/posts\/57756","targetHints":{"allow":["GET"]}}],"collection":[{"href":"https:\/\/sertv.gob.pa\/nacionalfm\/wp-json\/wp\/v2\/posts"}],"about":[{"href":"https:\/\/sertv.gob.pa\/nacionalfm\/wp-json\/wp\/v2\/types\/post"}],"author":[{"embeddable":true,"href":"https:\/\/sertv.gob.pa\/nacionalfm\/wp-json\/wp\/v2\/users\/9"}],"replies":[{"embeddable":true,"href":"https:\/\/sertv.gob.pa\/nacionalfm\/wp-json\/wp\/v2\/comments?post=57756"}],"version-history":[{"count":1,"href":"https:\/\/sertv.gob.pa\/nacionalfm\/wp-json\/wp\/v2\/posts\/57756\/revisions"}],"predecessor-version":[{"id":57761,"href":"https:\/\/sertv.gob.pa\/nacionalfm\/wp-json\/wp\/v2\/posts\/57756\/revisions\/57761"}],"wp:featuredmedia":[{"embeddable":true,"href":"https:\/\/sertv.gob.pa\/nacionalfm\/wp-json\/wp\/v2\/media\/57465"}],"wp:attachment":[{"href":"https:\/\/sertv.gob.pa\/nacionalfm\/wp-json\/wp\/v2\/media?parent=57756"}],"wp:term":[{"taxonomy":"category","embeddable":true,"href":"https:\/\/sertv.gob.pa\/nacionalfm\/wp-json\/wp\/v2\/categories?post=57756"},{"taxonomy":"post_tag","embeddable":true,"href":"https:\/\/sertv.gob.pa\/nacionalfm\/wp-json\/wp\/v2\/tags?post=57756"}],"curies":[{"name":"wp","href":"https:\/\/api.w.org\/{rel}","templated":true}]}}