{"id":5783,"date":"2015-06-15T15:18:45","date_gmt":"2015-06-15T15:18:45","guid":{"rendered":""},"modified":"2015-06-15T15:18:45","modified_gmt":"2015-06-15T15:18:45","slug":"aumentan-los-casos-por-meningitis","status":"publish","type":"post","link":"https:\/\/sertv.gob.pa\/nacionalfm\/aumentan-los-casos-por-meningitis\/","title":{"rendered":"Aumentan los casos por meningitis"},"content":{"rendered":"<p>\nEl  Departamento de Epidemiolog\u00eda del Ministerio de Salud  (Minsa), debido a un incremento en los casos de meningitis viral en las \u00faltimas semanas, se vio obligado a solicitar a los centros de atenci\u00f3n extremar sus medidas de prevenci\u00f3n y seguridad. <\/p>\n<p>La situaci\u00f3n qued\u00f3 en evidencia en una circular emitida el 11 de junio por el Minsa, en la que se establece que se &ldquo;observa un aumento de meningitis viral, a partir de la semana 20 (17 al 23 de mayo), en ni\u00f1os menores de 1 a\u00f1o y de 10 a 14 a\u00f1os&rdquo;. <\/p>\n<p>En las semanas previas se hab\u00edan reportado entre 1 y cinco casos, mientras que en la semana 20 alcanz\u00f3 un pico de 10. En lo que va de 2015 ya se han reportado 54. <\/p>\n<p>Itza Barahona de Mosca, directora nacional de Salud, dio a conocer que, aunque &ldquo;no se puede decir que se tiene una epidemia, es necesario extremar las medidas de prevenci\u00f3n&rdquo;.\u00a0 <\/p>\n<p>A\u00f1adi\u00f3 que en caso de que los padres observen alg\u00fan s\u00edntoma como fiebre, dolor de cabeza, rigidez del cuello y fatiga, adem\u00e1s de brotes, dolor de garganta y s\u00edntomas intestinales, acudan con el ni\u00f1o, de manera inmediata, a las instalaciones de salud. <\/p>\n<p>\u00a0 <\/p>\n","protected":false},"excerpt":{"rendered":"<p>El Departamento de Epidemiolog\u00eda del Ministerio de Salud (Minsa), debido <a href=\"https:\/\/sertv.gob.pa\/nacionalfm\/aumentan-los-casos-por-meningitis\/\"> [&#8230;]<\/a><\/p>\n","protected":false},"author":1,"featured_media":5784,"comment_status":"closed","ping_status":"closed","sticky":false,"template":"","format":"standard","meta":{"footnotes":""},"categories":[5],"tags":[],"class_list":["post-5783","post","type-post","status-publish","format-standard","has-post-thumbnail","hentry","category-salud"],"_links":{"self":[{"href":"https:\/\/sertv.gob.pa\/nacionalfm\/wp-json\/wp\/v2\/posts\/5783","targetHints":{"allow":["GET"]}}],"collection":[{"href":"https:\/\/sertv.gob.pa\/nacionalfm\/wp-json\/wp\/v2\/posts"}],"about":[{"href":"https:\/\/sertv.gob.pa\/nacionalfm\/wp-json\/wp\/v2\/types\/post"}],"author":[{"embeddable":true,"href":"https:\/\/sertv.gob.pa\/nacionalfm\/wp-json\/wp\/v2\/users\/1"}],"replies":[{"embeddable":true,"href":"https:\/\/sertv.gob.pa\/nacionalfm\/wp-json\/wp\/v2\/comments?post=5783"}],"version-history":[{"count":0,"href":"https:\/\/sertv.gob.pa\/nacionalfm\/wp-json\/wp\/v2\/posts\/5783\/revisions"}],"wp:featuredmedia":[{"embeddable":true,"href":"https:\/\/sertv.gob.pa\/nacionalfm\/wp-json\/wp\/v2\/media\/5784"}],"wp:attachment":[{"href":"https:\/\/sertv.gob.pa\/nacionalfm\/wp-json\/wp\/v2\/media?parent=5783"}],"wp:term":[{"taxonomy":"category","embeddable":true,"href":"https:\/\/sertv.gob.pa\/nacionalfm\/wp-json\/wp\/v2\/categories?post=5783"},{"taxonomy":"post_tag","embeddable":true,"href":"https:\/\/sertv.gob.pa\/nacionalfm\/wp-json\/wp\/v2\/tags?post=5783"}],"curies":[{"name":"wp","href":"https:\/\/api.w.org\/{rel}","templated":true}]}}