{"id":5787,"date":"2015-06-15T15:34:21","date_gmt":"2015-06-15T15:34:21","guid":{"rendered":""},"modified":"2015-06-15T15:34:21","modified_gmt":"2015-06-15T15:34:21","slug":"nuevo-hospital-para-chepo-sera-construido","status":"publish","type":"post","link":"https:\/\/sertv.gob.pa\/nacionalfm\/nuevo-hospital-para-chepo-sera-construido\/","title":{"rendered":"Nuevo hospital para Chepo ser\u00e1 construido"},"content":{"rendered":"<p>\nEl director de la Caja de Seguro Social (CSS), Estivenson Gir\u00f3n, anunci\u00f3 este fin de semana la construcci\u00f3n de un nuevo hospital para el distrito de  Chepo  y la utilizaci\u00f3n de las actuales instalaciones para una policl\u00ednica y cuarto de urgencia. <\/p>\n<p>A\u00f1adi\u00f3 \u00a0que actualmente se adelantan los tr\u00e1mites para recibir la donaci\u00f3n de un terreno localizado a orillas de la v\u00eda Panamericana a la entrada de Chepo, cerca al colegio Venancio Fenosa Pascual para edificar el nuevo nosocomio. <\/p>\n<p>Cuando esto suceda el actual hospital se convertir\u00e1 en una policl\u00ednica donde adem\u00e1s funcionar\u00e1 el cuarto de urgencias. <\/p>\n<p>El anuncio fue dado a conocer durante la sexta jornada de reducci\u00f3n de mora quir\u00fargica y de cita con especialistas, donde se llevaron a cabo m\u00e1s de 200 procedimientos m\u00e9dico quir\u00fargicos, alrededor \u00a0de mil citas a pacientes asegurados y no asegurados de Panam\u00e1 este. <\/p>\n<p>Dicha actividad empez\u00f3 este viernes 12 de junio y se extendi\u00f3 hasta ayer, domingo. <\/p>\n<p>\u00a0 <\/p>\n","protected":false},"excerpt":{"rendered":"<p>El director de la Caja de Seguro Social (CSS), Estivenson <a href=\"https:\/\/sertv.gob.pa\/nacionalfm\/nuevo-hospital-para-chepo-sera-construido\/\"> [&#8230;]<\/a><\/p>\n","protected":false},"author":1,"featured_media":5788,"comment_status":"closed","ping_status":"closed","sticky":false,"template":"","format":"standard","meta":{"footnotes":""},"categories":[5],"tags":[],"class_list":["post-5787","post","type-post","status-publish","format-standard","has-post-thumbnail","hentry","category-salud"],"_links":{"self":[{"href":"https:\/\/sertv.gob.pa\/nacionalfm\/wp-json\/wp\/v2\/posts\/5787","targetHints":{"allow":["GET"]}}],"collection":[{"href":"https:\/\/sertv.gob.pa\/nacionalfm\/wp-json\/wp\/v2\/posts"}],"about":[{"href":"https:\/\/sertv.gob.pa\/nacionalfm\/wp-json\/wp\/v2\/types\/post"}],"author":[{"embeddable":true,"href":"https:\/\/sertv.gob.pa\/nacionalfm\/wp-json\/wp\/v2\/users\/1"}],"replies":[{"embeddable":true,"href":"https:\/\/sertv.gob.pa\/nacionalfm\/wp-json\/wp\/v2\/comments?post=5787"}],"version-history":[{"count":0,"href":"https:\/\/sertv.gob.pa\/nacionalfm\/wp-json\/wp\/v2\/posts\/5787\/revisions"}],"wp:featuredmedia":[{"embeddable":true,"href":"https:\/\/sertv.gob.pa\/nacionalfm\/wp-json\/wp\/v2\/media\/5788"}],"wp:attachment":[{"href":"https:\/\/sertv.gob.pa\/nacionalfm\/wp-json\/wp\/v2\/media?parent=5787"}],"wp:term":[{"taxonomy":"category","embeddable":true,"href":"https:\/\/sertv.gob.pa\/nacionalfm\/wp-json\/wp\/v2\/categories?post=5787"},{"taxonomy":"post_tag","embeddable":true,"href":"https:\/\/sertv.gob.pa\/nacionalfm\/wp-json\/wp\/v2\/tags?post=5787"}],"curies":[{"name":"wp","href":"https:\/\/api.w.org\/{rel}","templated":true}]}}