{"id":5817,"date":"2015-06-16T15:18:52","date_gmt":"2015-06-16T15:18:52","guid":{"rendered":""},"modified":"2015-06-16T15:18:52","modified_gmt":"2015-06-16T15:18:52","slug":"un-aleman-fallece-victima-del-coronavirus-mers","status":"publish","type":"post","link":"https:\/\/sertv.gob.pa\/nacionalfm\/un-aleman-fallece-victima-del-coronavirus-mers\/","title":{"rendered":"Un alem\u00e1n fallece v\u00edctima del coronavirus MERS"},"content":{"rendered":"<p>\nUn alem\u00e1n de 65 a\u00f1os muri\u00f3 por el coronavirus MERS, del que se hab\u00eda contagiado el pasado febrero durante un viaje a Arabia Saud\u00ed, anunciaron las autoridades sanitarias alemanas. <\/p>\n<p>El hombre falleci\u00f3 el 6 de junio en un hospital de Ostercappeln (oeste), de una enfermedad pulmonar consecutiva a la infecci\u00f3n por el s\u00edndrome respiratorio de medio oriente (MERS, por sus siglas en ingl\u00e9s), se\u00f1al\u00f3 el ministerio regional de Salud de Baja Sajonia en un comunicado. <\/p>\n<p>El fallecido hab\u00eda vuelto en febrero de un viaje en la pen\u00ednsula ar\u00e1biga, donde \u00abprobablemente\u00bb contrajo el virus en una visita a un mercado de animales, seg\u00fan el ministerio. A su regreso fue hospitalizado en un centro de Osnabr\u00fcck (oeste), donde se le puso en cuarentena y super\u00f3 la infecci\u00f3n. <\/p>\n<p>Pero despu\u00e9s contrajo otra enfermedad pulmonar que provoc\u00f3 del deceso, seg\u00fan la misma fuente. Unas 200 personas con las cuales estuvo en contacto fueron examinadas y ninguna estaba contaminada, precis\u00f3 el ministerio. <\/p>\n<p>En Arabia Saud\u00ed, m\u00e1s de 950 personas han contra\u00eddo el virus desde 2012 y 412 de ellas han muerto. <\/p>\n<p>El pa\u00eds m\u00e1s afectado por esa enfermedad, contra la cual no existe por el momento ninguna vacuna, es Corea del Sur, que registr\u00f3 19 muertos en un total de 154 personas contaminadas, seg\u00fan datos de la OMS. <\/p>\n<p>\u00a0 <\/p>\n","protected":false},"excerpt":{"rendered":"<p>Un alem\u00e1n de 65 a\u00f1os muri\u00f3 por el coronavirus MERS, <a href=\"https:\/\/sertv.gob.pa\/nacionalfm\/un-aleman-fallece-victima-del-coronavirus-mers\/\"> [&#8230;]<\/a><\/p>\n","protected":false},"author":1,"featured_media":5818,"comment_status":"closed","ping_status":"closed","sticky":false,"template":"","format":"standard","meta":{"footnotes":""},"categories":[5],"tags":[],"class_list":["post-5817","post","type-post","status-publish","format-standard","has-post-thumbnail","hentry","category-salud"],"_links":{"self":[{"href":"https:\/\/sertv.gob.pa\/nacionalfm\/wp-json\/wp\/v2\/posts\/5817","targetHints":{"allow":["GET"]}}],"collection":[{"href":"https:\/\/sertv.gob.pa\/nacionalfm\/wp-json\/wp\/v2\/posts"}],"about":[{"href":"https:\/\/sertv.gob.pa\/nacionalfm\/wp-json\/wp\/v2\/types\/post"}],"author":[{"embeddable":true,"href":"https:\/\/sertv.gob.pa\/nacionalfm\/wp-json\/wp\/v2\/users\/1"}],"replies":[{"embeddable":true,"href":"https:\/\/sertv.gob.pa\/nacionalfm\/wp-json\/wp\/v2\/comments?post=5817"}],"version-history":[{"count":0,"href":"https:\/\/sertv.gob.pa\/nacionalfm\/wp-json\/wp\/v2\/posts\/5817\/revisions"}],"wp:featuredmedia":[{"embeddable":true,"href":"https:\/\/sertv.gob.pa\/nacionalfm\/wp-json\/wp\/v2\/media\/5818"}],"wp:attachment":[{"href":"https:\/\/sertv.gob.pa\/nacionalfm\/wp-json\/wp\/v2\/media?parent=5817"}],"wp:term":[{"taxonomy":"category","embeddable":true,"href":"https:\/\/sertv.gob.pa\/nacionalfm\/wp-json\/wp\/v2\/categories?post=5817"},{"taxonomy":"post_tag","embeddable":true,"href":"https:\/\/sertv.gob.pa\/nacionalfm\/wp-json\/wp\/v2\/tags?post=5817"}],"curies":[{"name":"wp","href":"https:\/\/api.w.org\/{rel}","templated":true}]}}