{"id":5821,"date":"2015-06-16T15:29:24","date_gmt":"2015-06-16T15:29:24","guid":{"rendered":""},"modified":"2015-06-16T15:29:24","modified_gmt":"2015-06-16T15:29:24","slug":"hidratarse-adecuadamente-cuando-trabajamos","status":"publish","type":"post","link":"https:\/\/sertv.gob.pa\/nacionalfm\/hidratarse-adecuadamente-cuando-trabajamos\/","title":{"rendered":"Hidratarse adecuadamente cuando trabajamos"},"content":{"rendered":"<p>\nSeg\u00fan el Instituto Europeo de Hidrataci\u00f3n (IEH), la  deshidrataci\u00f3n  asciende el grado de cansancio y desciende el rendimiento cognitivo, por ello es necesario  hidratarse  adecuadamente para mejorar la productividad laboral. <\/p>\n<p>En este sentido, la nutricionista hondure\u00f1a M\u00f3nica Mourra recuerda que el agua es el \u00a0componente principal del cuerpo humano, al punto de que representa el 60% del peso en hombres y el 50% en mujeres. <\/p>\n<p>Por ejemplo, cuando una persona hace un trabajo que implica un esfuerzo f\u00edsico (construcci\u00f3n, agricultura, entre otros), el sudor es por lo general superior a la ingesta de  agua , produciendo un d\u00e9ficit de  agua corporal  (deshidrataci\u00f3n), explica. <\/p>\n<p>Durante sesiones prolongadas de ejercicio se pierde agua del cuerpo, sobre todo en forma de sudor, y el rendimiento f\u00edsico baja cuando la p\u00e9rdida de agua excede el 1% o 2% del peso corporal, indica el IEH. <\/p>\n<p>Adem\u00e1s, los acondicionadores de aire de las oficinas propician un ambiente m\u00e1s seco de lo normal, lo que da lugar a mayores  p\u00e9rdidas de agua  a trav\u00e9s de los pulmones y de la piel, explica Mourra. <\/p>\n<p>Estas p\u00e9rdidas se deben compensar  bebiendo agua  antes, durante y despu\u00e9s de la actividad, para evitar alteraciones graves del balance de agua y sales minerales, recuerda. <\/p>\n<p>La especialista advierte de que la  hidrataci\u00f3n  debe ser igual para el trabajador de oficina y para el trabajador manual. <\/p>\n<p>Igualmente indica que todas las bebidas hidratan: agua, jugos, gaseosas, t\u00e9 e incluso el caf\u00e9. <\/p>\n<p>\u00a0 <\/p>\n","protected":false},"excerpt":{"rendered":"<p>Seg\u00fan el Instituto Europeo de Hidrataci\u00f3n (IEH), la deshidrataci\u00f3n asciende <a href=\"https:\/\/sertv.gob.pa\/nacionalfm\/hidratarse-adecuadamente-cuando-trabajamos\/\"> [&#8230;]<\/a><\/p>\n","protected":false},"author":1,"featured_media":5822,"comment_status":"closed","ping_status":"closed","sticky":false,"template":"","format":"standard","meta":{"footnotes":""},"categories":[5],"tags":[],"class_list":["post-5821","post","type-post","status-publish","format-standard","has-post-thumbnail","hentry","category-salud"],"_links":{"self":[{"href":"https:\/\/sertv.gob.pa\/nacionalfm\/wp-json\/wp\/v2\/posts\/5821","targetHints":{"allow":["GET"]}}],"collection":[{"href":"https:\/\/sertv.gob.pa\/nacionalfm\/wp-json\/wp\/v2\/posts"}],"about":[{"href":"https:\/\/sertv.gob.pa\/nacionalfm\/wp-json\/wp\/v2\/types\/post"}],"author":[{"embeddable":true,"href":"https:\/\/sertv.gob.pa\/nacionalfm\/wp-json\/wp\/v2\/users\/1"}],"replies":[{"embeddable":true,"href":"https:\/\/sertv.gob.pa\/nacionalfm\/wp-json\/wp\/v2\/comments?post=5821"}],"version-history":[{"count":0,"href":"https:\/\/sertv.gob.pa\/nacionalfm\/wp-json\/wp\/v2\/posts\/5821\/revisions"}],"wp:featuredmedia":[{"embeddable":true,"href":"https:\/\/sertv.gob.pa\/nacionalfm\/wp-json\/wp\/v2\/media\/5822"}],"wp:attachment":[{"href":"https:\/\/sertv.gob.pa\/nacionalfm\/wp-json\/wp\/v2\/media?parent=5821"}],"wp:term":[{"taxonomy":"category","embeddable":true,"href":"https:\/\/sertv.gob.pa\/nacionalfm\/wp-json\/wp\/v2\/categories?post=5821"},{"taxonomy":"post_tag","embeddable":true,"href":"https:\/\/sertv.gob.pa\/nacionalfm\/wp-json\/wp\/v2\/tags?post=5821"}],"curies":[{"name":"wp","href":"https:\/\/api.w.org\/{rel}","templated":true}]}}