{"id":58530,"date":"2020-09-17T16:40:44","date_gmt":"2020-09-17T16:40:44","guid":{"rendered":"https:\/\/sertv.gob.pa\/nacionalfm\/?p=58530"},"modified":"2020-09-17T16:40:44","modified_gmt":"2020-09-17T16:40:44","slug":"la-oms-lanza-un-plan-para-proteger-mejor-al-personal-sanitario","status":"publish","type":"post","link":"https:\/\/sertv.gob.pa\/nacionalfm\/la-oms-lanza-un-plan-para-proteger-mejor-al-personal-sanitario\/","title":{"rendered":"La OMS lanza un plan para proteger mejor al personal sanitario"},"content":{"rendered":"<p><strong><em>Ginebra (AFP) | <\/em><\/strong><\/p>\n<p>&nbsp;<\/p>\n<p>En primera l\u00ednea en la lucha contra la pandemia de covid-19, el personal sanitario paga un alto precio con su salud, advirti\u00f3 la OMS el jueves, que lanz\u00f3 un plan para ayudar a protegerlo mejor.<\/p>\n<p>\u00abEl covid-19 ha expuesto al personal sanitario y a sus familias a un nivel de riesgo sin precedentes\u00bb, indic\u00f3 la Organizaci\u00f3n Mundial de la Salud, que subraya que las estad\u00edsticas -aunque imperfectas- muestran claramente que \u00ablas tasas de infecci\u00f3n entre estos \u00faltimos son mucho m\u00e1s altas que entre el resto de la poblaci\u00f3n\u00bb.<\/p>\n<p>Representan alrededor del 3% de los habitantes en la gran mayor\u00eda de los pa\u00edses, menos del 2% en los pa\u00edses m\u00e1s pobres, y las cifras recolectadas por la OMS muestran que el 14% de los casos de covid-19 se refieren a personal sanitario.<\/p>\n<p>\u00abEn algunos pa\u00edses, esta proporci\u00f3n puede alcanzar el 35%\u00bb, subraya el comunicado.<\/p>\n<p>Los riesgos no son s\u00f3lo f\u00edsicos, ya sea debido al coronavirus o a la violencia a la que est\u00e1 expuesto dicho personal. El estr\u00e9s creado por el miedo permanente a enfermarse, las largas horas de trabajo, la separaci\u00f3n de los familiares para protegerlos y, a veces, el rechazo o la hostilidad de la sociedad tambi\u00e9n socavan gravemente su salud.<\/p>\n<p>El plan, de cinco puntos, presentado el jueves, aconseja establecer sinergias entre las estrategias destinadas a garantizar la seguridad de los enfermos y de los profesionales de la salud o incluso a desarrollar programas nacionales para proteger mejor al personal sanitario.<\/p>\n<p>La OMS tambi\u00e9n hace hincapi\u00e9 en la protecci\u00f3n de dicho grupo contra la violencia en el lugar de trabajo y en la mejora de su bienestar psicol\u00f3gico.<\/p>\n<p>El plan insiste en la necesidad de proteger al personal sanitario de los peligros f\u00edsicos y biol\u00f3gicos, en particular proporcion\u00e1ndoles equipos de protecci\u00f3n suficientes y la formaci\u00f3n necesaria para utilizarlos como corresponde.<\/p>\n","protected":false},"excerpt":{"rendered":"<p>Ginebra (AFP) | &nbsp; En primera l\u00ednea en la lucha <a href=\"https:\/\/sertv.gob.pa\/nacionalfm\/la-oms-lanza-un-plan-para-proteger-mejor-al-personal-sanitario\/\"> [&#8230;]<\/a><\/p>\n","protected":false},"author":9,"featured_media":58531,"comment_status":"closed","ping_status":"closed","sticky":false,"template":"","format":"standard","meta":{"footnotes":""},"categories":[3],"tags":[],"class_list":["post-58530","post","type-post","status-publish","format-standard","has-post-thumbnail","hentry","category-internacionales"],"_links":{"self":[{"href":"https:\/\/sertv.gob.pa\/nacionalfm\/wp-json\/wp\/v2\/posts\/58530","targetHints":{"allow":["GET"]}}],"collection":[{"href":"https:\/\/sertv.gob.pa\/nacionalfm\/wp-json\/wp\/v2\/posts"}],"about":[{"href":"https:\/\/sertv.gob.pa\/nacionalfm\/wp-json\/wp\/v2\/types\/post"}],"author":[{"embeddable":true,"href":"https:\/\/sertv.gob.pa\/nacionalfm\/wp-json\/wp\/v2\/users\/9"}],"replies":[{"embeddable":true,"href":"https:\/\/sertv.gob.pa\/nacionalfm\/wp-json\/wp\/v2\/comments?post=58530"}],"version-history":[{"count":1,"href":"https:\/\/sertv.gob.pa\/nacionalfm\/wp-json\/wp\/v2\/posts\/58530\/revisions"}],"predecessor-version":[{"id":58533,"href":"https:\/\/sertv.gob.pa\/nacionalfm\/wp-json\/wp\/v2\/posts\/58530\/revisions\/58533"}],"wp:featuredmedia":[{"embeddable":true,"href":"https:\/\/sertv.gob.pa\/nacionalfm\/wp-json\/wp\/v2\/media\/58531"}],"wp:attachment":[{"href":"https:\/\/sertv.gob.pa\/nacionalfm\/wp-json\/wp\/v2\/media?parent=58530"}],"wp:term":[{"taxonomy":"category","embeddable":true,"href":"https:\/\/sertv.gob.pa\/nacionalfm\/wp-json\/wp\/v2\/categories?post=58530"},{"taxonomy":"post_tag","embeddable":true,"href":"https:\/\/sertv.gob.pa\/nacionalfm\/wp-json\/wp\/v2\/tags?post=58530"}],"curies":[{"name":"wp","href":"https:\/\/api.w.org\/{rel}","templated":true}]}}