{"id":58777,"date":"2020-09-22T17:45:58","date_gmt":"2020-09-22T17:45:58","guid":{"rendered":"https:\/\/sertv.gob.pa\/nacionalfm\/?p=58777"},"modified":"2020-09-22T21:51:59","modified_gmt":"2020-09-22T21:51:59","slug":"personal-de-salud-realiza-operativo-de-eliminacion-de-ratas-en-comunidad-de-chivo-chivo-de-las-cumbres","status":"publish","type":"post","link":"https:\/\/sertv.gob.pa\/nacionalfm\/personal-de-salud-realiza-operativo-de-eliminacion-de-ratas-en-comunidad-de-chivo-chivo-de-las-cumbres\/","title":{"rendered":"Personal de Salud, realiza operativo de eliminaci\u00f3n de ratas, en comunidad de Chivo-Chivo, de Las Cumbres"},"content":{"rendered":"<p>El Departamento de vectores de la regi\u00f3n de Salud de Panam\u00e1 Norte, llev\u00f3 a cabo una serie de inspecciones para la eliminaci\u00f3n de ratas en algunos puntos de la comunidad de Chivo-Chivo, en el corregimiento de Las Cumbres.<\/p>\n<p>Crescencio Villarreal, jefe de vectores regional, revel\u00f3, que atendi\u00f3 varias denuncias comunitarias, de que estos roedores se encontraban en dep\u00f3sitos de basura, paradas de buses y \u00e1reas comerciales donde las personas arrojan desperdicios, y se procedi\u00f3 entonces con el personal de vectores, a la colocaci\u00f3n de productos para su eliminaci\u00f3n.<\/p>\n<p>El departamento de vectores, ejecuta esta actividad en varios puntos de Panam\u00e1 Norte, en donde en muchas ocasiones, la mala disposici\u00f3n de la basura por parte de la comunidad, as\u00ed como la poca frecuencia de la recolecci\u00f3n de esta, hace que estos animales proliferen, ocasionando da\u00f1os y enfermedades.<\/p>\n<p>Cabe mencionar, que esta actividad, la realizan en diversos puntos de las comunidades de los cinco corregimientos, haciendo \u00e9nfasis en los lugares donde la recolecci\u00f3n de basura es escasa.<\/p>\n<p>&nbsp;<\/p>\n<p>Fuente: MINSA<\/p>\n","protected":false},"excerpt":{"rendered":"<p>El Departamento de vectores de la regi\u00f3n de Salud de <a href=\"https:\/\/sertv.gob.pa\/nacionalfm\/personal-de-salud-realiza-operativo-de-eliminacion-de-ratas-en-comunidad-de-chivo-chivo-de-las-cumbres\/\"> [&#8230;]<\/a><\/p>\n","protected":false},"author":9,"featured_media":58778,"comment_status":"closed","ping_status":"closed","sticky":false,"template":"","format":"standard","meta":{"footnotes":""},"categories":[1],"tags":[],"class_list":["post-58777","post","type-post","status-publish","format-standard","has-post-thumbnail","hentry","category-sin-categoria"],"_links":{"self":[{"href":"https:\/\/sertv.gob.pa\/nacionalfm\/wp-json\/wp\/v2\/posts\/58777","targetHints":{"allow":["GET"]}}],"collection":[{"href":"https:\/\/sertv.gob.pa\/nacionalfm\/wp-json\/wp\/v2\/posts"}],"about":[{"href":"https:\/\/sertv.gob.pa\/nacionalfm\/wp-json\/wp\/v2\/types\/post"}],"author":[{"embeddable":true,"href":"https:\/\/sertv.gob.pa\/nacionalfm\/wp-json\/wp\/v2\/users\/9"}],"replies":[{"embeddable":true,"href":"https:\/\/sertv.gob.pa\/nacionalfm\/wp-json\/wp\/v2\/comments?post=58777"}],"version-history":[{"count":1,"href":"https:\/\/sertv.gob.pa\/nacionalfm\/wp-json\/wp\/v2\/posts\/58777\/revisions"}],"predecessor-version":[{"id":58780,"href":"https:\/\/sertv.gob.pa\/nacionalfm\/wp-json\/wp\/v2\/posts\/58777\/revisions\/58780"}],"wp:featuredmedia":[{"embeddable":true,"href":"https:\/\/sertv.gob.pa\/nacionalfm\/wp-json\/wp\/v2\/media\/58778"}],"wp:attachment":[{"href":"https:\/\/sertv.gob.pa\/nacionalfm\/wp-json\/wp\/v2\/media?parent=58777"}],"wp:term":[{"taxonomy":"category","embeddable":true,"href":"https:\/\/sertv.gob.pa\/nacionalfm\/wp-json\/wp\/v2\/categories?post=58777"},{"taxonomy":"post_tag","embeddable":true,"href":"https:\/\/sertv.gob.pa\/nacionalfm\/wp-json\/wp\/v2\/tags?post=58777"}],"curies":[{"name":"wp","href":"https:\/\/api.w.org\/{rel}","templated":true}]}}