{"id":5878,"date":"2015-06-17T15:10:49","date_gmt":"2015-06-17T15:10:49","guid":{"rendered":""},"modified":"2015-06-17T15:10:49","modified_gmt":"2015-06-17T15:10:49","slug":"chiriqui-una-provincia-con-altos-indices-de-cancer","status":"publish","type":"post","link":"https:\/\/sertv.gob.pa\/nacionalfm\/chiriqui-una-provincia-con-altos-indices-de-cancer\/","title":{"rendered":"Chiriqu\u00ed, una provincia con altos \u00edndices de c\u00e1ncer"},"content":{"rendered":"<p>\nLa provincia de Chiriqu\u00ed tiene actualmente altos \u00edndices de casos de c\u00e1ncer que son atendidos en el Instituto Oncol\u00f3gico Nacional, seg\u00fan las estad\u00edsticas que maneja este centro hospitalario en la ciudad de Panam\u00e1. <\/p>\n<p>Marco Aurelio Mej\u00eda Rodr\u00edguez, radioonc\u00f3logo y quien trabaja en el Instituto Oncol\u00f3gico Nacional, afirm\u00f3 que hay una alta incidencia de pacientes procedentes de la provincia chiricana. <\/p>\n<p>Se\u00f1al\u00f3 que los c\u00e1nceres con mayor incidencia entre los chiricanos son, en las mujeres, el c\u00e1ncer de mamas y c\u00e9rvico-uterino y en los varones, el de pr\u00f3stata, pulmones y el g\u00e1strico. <\/p>\n<p>\u00abDesde que entr\u00e9 a trabajar en el Oncol\u00f3gico, vi el impacto de esta poblaci\u00f3n en el hospital. Nosotros atendemos alrededor de 5,000 pacientes por a\u00f1o y un tercio de estos pacientes son de la provincia de Chiriqu\u00ed\u00bb, expres\u00f3 el especialista. <\/p>\n<p>El especialista a\u00f1adi\u00f3 que ante este panorama, es necesario que se establezca un centro oncol\u00f3gico en la poblaci\u00f3n de Chiriqu\u00ed para atender a los pacientes con esta condici\u00f3n. <\/p>\n<p>\u00abYa lo hemos demostrado con porcentaje en cifras que indica que la poblaci\u00f3n chiricana est\u00e1 ocupando un segundo lugar en incidencia de tumores malignos y por eso la necesidad de que se tenga un centro oncol\u00f3gico en Chiriqu\u00ed\u00bb, puntualiz\u00f3 Mej\u00eda Rodr\u00edguez. <\/p>\n<p>Asegur\u00f3 que las dos primeras causas de este mal son el crecimiento de la poblaci\u00f3n y el aumento de la expectativa de vida, ya que seg\u00fan \u00e9l, el c\u00e1ncer no es m\u00e1s que una enfermedad del envejecimiento. <\/p>\n<p>El jefe del Sistema \u00danico de Salud de la Caja de Seguro Social (CSS), doctor Hugo Moreno, asegur\u00f3 que se buscan los recursos que permitan abrir un pabell\u00f3n de oncolog\u00eda en el nuevo hospital de Bugaba, en la provincia de Chiriqu\u00ed. <\/p>\n<p>\u00a0 <\/p>\n","protected":false},"excerpt":{"rendered":"<p>La provincia de Chiriqu\u00ed tiene actualmente altos \u00edndices de casos <a href=\"https:\/\/sertv.gob.pa\/nacionalfm\/chiriqui-una-provincia-con-altos-indices-de-cancer\/\"> [&#8230;]<\/a><\/p>\n","protected":false},"author":1,"featured_media":5879,"comment_status":"closed","ping_status":"closed","sticky":false,"template":"","format":"standard","meta":{"footnotes":""},"categories":[5],"tags":[],"class_list":["post-5878","post","type-post","status-publish","format-standard","has-post-thumbnail","hentry","category-salud"],"_links":{"self":[{"href":"https:\/\/sertv.gob.pa\/nacionalfm\/wp-json\/wp\/v2\/posts\/5878","targetHints":{"allow":["GET"]}}],"collection":[{"href":"https:\/\/sertv.gob.pa\/nacionalfm\/wp-json\/wp\/v2\/posts"}],"about":[{"href":"https:\/\/sertv.gob.pa\/nacionalfm\/wp-json\/wp\/v2\/types\/post"}],"author":[{"embeddable":true,"href":"https:\/\/sertv.gob.pa\/nacionalfm\/wp-json\/wp\/v2\/users\/1"}],"replies":[{"embeddable":true,"href":"https:\/\/sertv.gob.pa\/nacionalfm\/wp-json\/wp\/v2\/comments?post=5878"}],"version-history":[{"count":0,"href":"https:\/\/sertv.gob.pa\/nacionalfm\/wp-json\/wp\/v2\/posts\/5878\/revisions"}],"wp:featuredmedia":[{"embeddable":true,"href":"https:\/\/sertv.gob.pa\/nacionalfm\/wp-json\/wp\/v2\/media\/5879"}],"wp:attachment":[{"href":"https:\/\/sertv.gob.pa\/nacionalfm\/wp-json\/wp\/v2\/media?parent=5878"}],"wp:term":[{"taxonomy":"category","embeddable":true,"href":"https:\/\/sertv.gob.pa\/nacionalfm\/wp-json\/wp\/v2\/categories?post=5878"},{"taxonomy":"post_tag","embeddable":true,"href":"https:\/\/sertv.gob.pa\/nacionalfm\/wp-json\/wp\/v2\/tags?post=5878"}],"curies":[{"name":"wp","href":"https:\/\/api.w.org\/{rel}","templated":true}]}}