{"id":5882,"date":"2015-06-17T15:19:04","date_gmt":"2015-06-17T15:19:04","guid":{"rendered":""},"modified":"2015-06-17T15:19:04","modified_gmt":"2015-06-17T15:19:04","slug":"2-millones-costaria-al-estado-externalizar-400-cirugias","status":"publish","type":"post","link":"https:\/\/sertv.gob.pa\/nacionalfm\/2-millones-costaria-al-estado-externalizar-400-cirugias\/","title":{"rendered":"$2 millones costar\u00eda  al Estado externalizar 400 cirug\u00edas"},"content":{"rendered":"<p>\nCostar\u00eda $2 millones al Estado externalizar 400 cirug\u00edas de cateterismo cardiaco en los hospitales privados tal y como orden\u00f3 el presidente Juan Carlos Varela durante la visita que hizo al Complejo Hospitalario de la Caja de Seguro Social (CSS) el pasado 5 de junio. <\/p>\n<p>Seg\u00fan el director de la CSS, Estivenson Gir\u00f3n, las cotizaciones que se han efectuado en los hospitales privados arrojan que cada intervenci\u00f3n estar\u00eda costando $50 mil. <\/p>\n<p>&lsquo;Estamos en la etapa final de las negociaciones; la semana pasada nos reunimos con los hospitales privados&#8217;, dijo Gir\u00f3n tras recordar que el Gobierno asumir\u00eda el costo de las intervenciones. <\/p>\n<p>&lsquo;Las cirug\u00edas si se externalizan tienen que ser en horario despu\u00e9s de las 3:00 p. m. o s\u00e1bado o domingo&#8217;, se\u00f1al\u00f3 al explicar que los m\u00e9dicos que llevar\u00e1n a cabo las intervenciones trabajan en la CSS. <\/p>\n<p>\u00a0 <\/p>\n","protected":false},"excerpt":{"rendered":"<p>Costar\u00eda $2 millones al Estado externalizar 400 cirug\u00edas de cateterismo <a href=\"https:\/\/sertv.gob.pa\/nacionalfm\/2-millones-costaria-al-estado-externalizar-400-cirugias\/\"> [&#8230;]<\/a><\/p>\n","protected":false},"author":1,"featured_media":5883,"comment_status":"closed","ping_status":"closed","sticky":false,"template":"","format":"standard","meta":{"footnotes":""},"categories":[5],"tags":[],"class_list":["post-5882","post","type-post","status-publish","format-standard","has-post-thumbnail","hentry","category-salud"],"_links":{"self":[{"href":"https:\/\/sertv.gob.pa\/nacionalfm\/wp-json\/wp\/v2\/posts\/5882","targetHints":{"allow":["GET"]}}],"collection":[{"href":"https:\/\/sertv.gob.pa\/nacionalfm\/wp-json\/wp\/v2\/posts"}],"about":[{"href":"https:\/\/sertv.gob.pa\/nacionalfm\/wp-json\/wp\/v2\/types\/post"}],"author":[{"embeddable":true,"href":"https:\/\/sertv.gob.pa\/nacionalfm\/wp-json\/wp\/v2\/users\/1"}],"replies":[{"embeddable":true,"href":"https:\/\/sertv.gob.pa\/nacionalfm\/wp-json\/wp\/v2\/comments?post=5882"}],"version-history":[{"count":0,"href":"https:\/\/sertv.gob.pa\/nacionalfm\/wp-json\/wp\/v2\/posts\/5882\/revisions"}],"wp:featuredmedia":[{"embeddable":true,"href":"https:\/\/sertv.gob.pa\/nacionalfm\/wp-json\/wp\/v2\/media\/5883"}],"wp:attachment":[{"href":"https:\/\/sertv.gob.pa\/nacionalfm\/wp-json\/wp\/v2\/media?parent=5882"}],"wp:term":[{"taxonomy":"category","embeddable":true,"href":"https:\/\/sertv.gob.pa\/nacionalfm\/wp-json\/wp\/v2\/categories?post=5882"},{"taxonomy":"post_tag","embeddable":true,"href":"https:\/\/sertv.gob.pa\/nacionalfm\/wp-json\/wp\/v2\/tags?post=5882"}],"curies":[{"name":"wp","href":"https:\/\/api.w.org\/{rel}","templated":true}]}}