{"id":5894,"date":"2015-06-17T19:17:28","date_gmt":"2015-06-17T19:17:28","guid":{"rendered":""},"modified":"2015-06-17T19:17:28","modified_gmt":"2015-06-17T19:17:28","slug":"alerta-sanitaria-por-epidemia-de-dengue-en-pacora","status":"publish","type":"post","link":"https:\/\/sertv.gob.pa\/nacionalfm\/alerta-sanitaria-por-epidemia-de-dengue-en-pacora\/","title":{"rendered":"Alerta sanitaria por epidemia de dengue en Pacora"},"content":{"rendered":"<p>\nEl Ministerio de Salud (Minsa) declar\u00f3 este mi\u00e9rcoles alerta sanitaria luego de detectarse 33 casos de dengue en la comunidad de Las Garzas en Pacora. <\/p>\n<p>Las autoridades informaron que el 86% de los criaderos hallados son por envases \u00fatiles de almacenamiento de agua y el otro 14% se debe a la mala disposici\u00f3n de la basura. <\/p>\n<p>&ldquo;El desabastecimiento obliga a la poblaci\u00f3n a almacenar el agua en toda clase de recipientes los cuales, al no ser tapados de forma adecuada, se convierten en grandes criaderos del mosquito Aedes aegypti&rdquo;, explicaron. <\/p>\n<p>Para enfrentar la problem\u00e1tica, personal del Minsa empez\u00f3 un operativo de emergencia donde se concentrar\u00e1n m\u00e1s recursos humanos, insumos, materiales, entre otros e hizo un llamado a la poblaci\u00f3n para que mantenga sus patios limpios. <\/p>\n<p>\u00a0 <\/p>\n","protected":false},"excerpt":{"rendered":"<p>El Ministerio de Salud (Minsa) declar\u00f3 este mi\u00e9rcoles alerta sanitaria <a href=\"https:\/\/sertv.gob.pa\/nacionalfm\/alerta-sanitaria-por-epidemia-de-dengue-en-pacora\/\"> [&#8230;]<\/a><\/p>\n","protected":false},"author":1,"featured_media":5895,"comment_status":"closed","ping_status":"closed","sticky":false,"template":"","format":"standard","meta":{"footnotes":""},"categories":[5],"tags":[],"class_list":["post-5894","post","type-post","status-publish","format-standard","has-post-thumbnail","hentry","category-salud"],"_links":{"self":[{"href":"https:\/\/sertv.gob.pa\/nacionalfm\/wp-json\/wp\/v2\/posts\/5894","targetHints":{"allow":["GET"]}}],"collection":[{"href":"https:\/\/sertv.gob.pa\/nacionalfm\/wp-json\/wp\/v2\/posts"}],"about":[{"href":"https:\/\/sertv.gob.pa\/nacionalfm\/wp-json\/wp\/v2\/types\/post"}],"author":[{"embeddable":true,"href":"https:\/\/sertv.gob.pa\/nacionalfm\/wp-json\/wp\/v2\/users\/1"}],"replies":[{"embeddable":true,"href":"https:\/\/sertv.gob.pa\/nacionalfm\/wp-json\/wp\/v2\/comments?post=5894"}],"version-history":[{"count":0,"href":"https:\/\/sertv.gob.pa\/nacionalfm\/wp-json\/wp\/v2\/posts\/5894\/revisions"}],"wp:featuredmedia":[{"embeddable":true,"href":"https:\/\/sertv.gob.pa\/nacionalfm\/wp-json\/wp\/v2\/media\/5895"}],"wp:attachment":[{"href":"https:\/\/sertv.gob.pa\/nacionalfm\/wp-json\/wp\/v2\/media?parent=5894"}],"wp:term":[{"taxonomy":"category","embeddable":true,"href":"https:\/\/sertv.gob.pa\/nacionalfm\/wp-json\/wp\/v2\/categories?post=5894"},{"taxonomy":"post_tag","embeddable":true,"href":"https:\/\/sertv.gob.pa\/nacionalfm\/wp-json\/wp\/v2\/tags?post=5894"}],"curies":[{"name":"wp","href":"https:\/\/api.w.org\/{rel}","templated":true}]}}