{"id":5900,"date":"2015-06-18T15:17:17","date_gmt":"2015-06-18T15:17:17","guid":{"rendered":""},"modified":"2015-06-18T15:17:17","modified_gmt":"2015-06-18T15:17:17","slug":"35-personas-muertas-en-colombia-por-el-chikungunya","status":"publish","type":"post","link":"https:\/\/sertv.gob.pa\/nacionalfm\/35-personas-muertas-en-colombia-por-el-chikungunya\/","title":{"rendered":"35 personas muertas en Colombia por el chikungunya"},"content":{"rendered":"<p>\nLa cifra de personas muertas por el virus del chikungunya en Colombia se sit\u00faa en 35 entre 2014 y lo que va de 2015, de acuerdo a los \u00faltimos datos actualizados del Instituto Nacional de Salud (INS), que vigila la evoluci\u00f3n del virus. <\/p>\n<p>Seg\u00fan el \u00faltimo bolet\u00edn de la entidad, hasta el 6 de junio, se tuvo constancia de 35 decesos relacionados con el chikungunya, que deja en el pa\u00eds un total de 373,585 infectados entre el a\u00f1o pasado y este. <\/p>\n<p>\u00a0Durante 2015, 266,993 casos de infectados han sido contabilizados por el INS. <\/p>\n<p>\u00a0 <\/p>\n","protected":false},"excerpt":{"rendered":"<p>La cifra de personas muertas por el virus del chikungunya <a href=\"https:\/\/sertv.gob.pa\/nacionalfm\/35-personas-muertas-en-colombia-por-el-chikungunya\/\"> [&#8230;]<\/a><\/p>\n","protected":false},"author":1,"featured_media":5901,"comment_status":"closed","ping_status":"closed","sticky":false,"template":"","format":"standard","meta":{"footnotes":""},"categories":[5],"tags":[],"class_list":["post-5900","post","type-post","status-publish","format-standard","has-post-thumbnail","hentry","category-salud"],"_links":{"self":[{"href":"https:\/\/sertv.gob.pa\/nacionalfm\/wp-json\/wp\/v2\/posts\/5900","targetHints":{"allow":["GET"]}}],"collection":[{"href":"https:\/\/sertv.gob.pa\/nacionalfm\/wp-json\/wp\/v2\/posts"}],"about":[{"href":"https:\/\/sertv.gob.pa\/nacionalfm\/wp-json\/wp\/v2\/types\/post"}],"author":[{"embeddable":true,"href":"https:\/\/sertv.gob.pa\/nacionalfm\/wp-json\/wp\/v2\/users\/1"}],"replies":[{"embeddable":true,"href":"https:\/\/sertv.gob.pa\/nacionalfm\/wp-json\/wp\/v2\/comments?post=5900"}],"version-history":[{"count":0,"href":"https:\/\/sertv.gob.pa\/nacionalfm\/wp-json\/wp\/v2\/posts\/5900\/revisions"}],"wp:featuredmedia":[{"embeddable":true,"href":"https:\/\/sertv.gob.pa\/nacionalfm\/wp-json\/wp\/v2\/media\/5901"}],"wp:attachment":[{"href":"https:\/\/sertv.gob.pa\/nacionalfm\/wp-json\/wp\/v2\/media?parent=5900"}],"wp:term":[{"taxonomy":"category","embeddable":true,"href":"https:\/\/sertv.gob.pa\/nacionalfm\/wp-json\/wp\/v2\/categories?post=5900"},{"taxonomy":"post_tag","embeddable":true,"href":"https:\/\/sertv.gob.pa\/nacionalfm\/wp-json\/wp\/v2\/tags?post=5900"}],"curies":[{"name":"wp","href":"https:\/\/api.w.org\/{rel}","templated":true}]}}