{"id":5930,"date":"2015-06-19T15:13:48","date_gmt":"2015-06-19T15:13:48","guid":{"rendered":""},"modified":"2015-06-19T15:13:48","modified_gmt":"2015-06-19T15:13:48","slug":"en-tailandia-confirman-su-primer-caso-del-virus-mers","status":"publish","type":"post","link":"https:\/\/sertv.gob.pa\/nacionalfm\/en-tailandia-confirman-su-primer-caso-del-virus-mers\/","title":{"rendered":"En Tailandia confirman su primer caso del virus MERS"},"content":{"rendered":"<p>\n Tailandia  confirm\u00f3 su primer caso conocido del mort\u00edfero  virus MERS , un hombre de 75 a\u00f1os que lleg\u00f3 de Om\u00e1n para recibir tratamiento por un trastorno card\u00edaco. <\/p>\n<p>  El ministro de Salud P\u00fablica, Rajata Rajatanavin, se\u00f1al\u00f3 que dos laboratorios confirmaron los resultados  . <\/p>\n<p>El hombre se halla en cuarentena en una unidad de enfermedades infecciosas del ministerio, agreg\u00f3. <\/p>\n<p>Tambi\u00e9n manifest\u00f3 que el paciente viajaba con tres familiares, los cuales se encontraban en observaci\u00f3n en las mismas instalaciones. <\/p>\n<p>Asimismo, se vigilaba a las personas que estuvieron en contacto con el paciente, incluidos los pasajeros sentados cerca de \u00e9l en el avi\u00f3n. <\/p>\n<p>Rajata dijo que el hombre no exhibi\u00f3 s\u00edntomas en el avi\u00f3n, pero que comenz\u00f3 a sentir fatiga y dificultad para respirar en el hospital privado donde se somet\u00eda a tratamiento por su problema card\u00edaco. <\/p>\n<p>\u00a0 <\/p>\n","protected":false},"excerpt":{"rendered":"<p>Tailandia confirm\u00f3 su primer caso conocido del mort\u00edfero virus MERS <a href=\"https:\/\/sertv.gob.pa\/nacionalfm\/en-tailandia-confirman-su-primer-caso-del-virus-mers\/\"> [&#8230;]<\/a><\/p>\n","protected":false},"author":1,"featured_media":5931,"comment_status":"closed","ping_status":"closed","sticky":false,"template":"","format":"standard","meta":{"footnotes":""},"categories":[5],"tags":[],"class_list":["post-5930","post","type-post","status-publish","format-standard","has-post-thumbnail","hentry","category-salud"],"_links":{"self":[{"href":"https:\/\/sertv.gob.pa\/nacionalfm\/wp-json\/wp\/v2\/posts\/5930","targetHints":{"allow":["GET"]}}],"collection":[{"href":"https:\/\/sertv.gob.pa\/nacionalfm\/wp-json\/wp\/v2\/posts"}],"about":[{"href":"https:\/\/sertv.gob.pa\/nacionalfm\/wp-json\/wp\/v2\/types\/post"}],"author":[{"embeddable":true,"href":"https:\/\/sertv.gob.pa\/nacionalfm\/wp-json\/wp\/v2\/users\/1"}],"replies":[{"embeddable":true,"href":"https:\/\/sertv.gob.pa\/nacionalfm\/wp-json\/wp\/v2\/comments?post=5930"}],"version-history":[{"count":0,"href":"https:\/\/sertv.gob.pa\/nacionalfm\/wp-json\/wp\/v2\/posts\/5930\/revisions"}],"wp:featuredmedia":[{"embeddable":true,"href":"https:\/\/sertv.gob.pa\/nacionalfm\/wp-json\/wp\/v2\/media\/5931"}],"wp:attachment":[{"href":"https:\/\/sertv.gob.pa\/nacionalfm\/wp-json\/wp\/v2\/media?parent=5930"}],"wp:term":[{"taxonomy":"category","embeddable":true,"href":"https:\/\/sertv.gob.pa\/nacionalfm\/wp-json\/wp\/v2\/categories?post=5930"},{"taxonomy":"post_tag","embeddable":true,"href":"https:\/\/sertv.gob.pa\/nacionalfm\/wp-json\/wp\/v2\/tags?post=5930"}],"curies":[{"name":"wp","href":"https:\/\/api.w.org\/{rel}","templated":true}]}}