{"id":5956,"date":"2015-06-22T14:06:01","date_gmt":"2015-06-22T14:06:01","guid":{"rendered":""},"modified":"2015-06-22T14:06:01","modified_gmt":"2015-06-22T14:06:01","slug":"el-papa-pide-perdon-a-evangelicos-por-persecucion-catolica","status":"publish","type":"post","link":"https:\/\/sertv.gob.pa\/nacionalfm\/el-papa-pide-perdon-a-evangelicos-por-persecucion-catolica\/","title":{"rendered":"El papa pide perd\u00f3n a evang\u00e9licos por persecuci\u00f3n cat\u00f3lica"},"content":{"rendered":"<p>\nEl papa Francisco pidi\u00f3 perd\u00f3n por la persecuci\u00f3n de la iglesia cat\u00f3lica contra miembros de una peque\u00f1a confesi\u00f3n evang\u00e9lica en Italia, que vio a su l\u00edder excomulgado y a sus fieles tachados de herejes durante la Edad Media.\u00a0 <\/p>\n<p>Francisco present\u00f3 su disculpa durante la primera visita de un pont\u00edfice a un templo valdense y comenz\u00f3 el segundo d\u00eda de su visita a Tur\u00edn con un s\u00f3lido mensaje ecum\u00e9nico sobre inclusi\u00f3n y fraternidad cristiana.\u00a0 <\/p>\n<p>Pedro Valdo, un adinerado comerciante de Lyon, Francia, fund\u00f3 la iglesia valdense en el siglo XII. Valdo renunci\u00f3 a sus posesiones para predicar un credo de sencillez y pobreza que condenaba los excesos papales. Fue excomulgado y sus seguidores fueron perseguidos por Roma.\u00a0 <\/p>\n<p>Hoy en d\u00eda, los valdenses est\u00e1n unidos a la iglesia metodista y dicen tener unos 45,000 seguidores, la mayor\u00eda en Italia, Argentina y Uruguay.\u00a0 <\/p>\n<p>En un discurso ante cientos de personas en un templo valdense de Tur\u00edn, Francisco conden\u00f3 los actos atroces cometidos por los cristianos en nombre de la fe a lo largo de la historia.\u00a0 <\/p>\n<p>\u00abPor parte de la iglesia cat\u00f3lica, les pido perd\u00f3n, lo pido por las actitudes no cristianas e incluso inhumanas y el comportamiento que les mostramos\u00bb, dijo Francisco con seriedad desde el altar. \u00abEn el nombre del se\u00f1or Jesucristo, \u00a1perd\u00f3nennos!\u00bb.\u00a0 <\/p>\n<p>Su discurso, recibido con un c\u00e1lido aplauso, record\u00f3, aunque en peque\u00f1a escala, a las disculpas que ofreci\u00f3 san Juan Pablo II durante el jubileo de 2000. En varios actos ese a\u00f1o, Juan Pablo II pidi\u00f3 perd\u00f3n por las Cruzadas y por los malos actos cometidos por cat\u00f3licos contra jud\u00edos y otros grupos.\u00a0 <\/p>\n<p>Francisco, un jesuita argentino, ha mantenido la s\u00f3lida amistad con l\u00edderes protestantes y evang\u00e9licos que desarroll\u00f3 como arzobispo de Buenos Aires.\u00a0 <\/p>\n<p>M\u00e1s tarde, el pont\u00edfice almorz\u00f3 con unos 30 miembros de su familia, que proceden de la regi\u00f3n del Piamonte y celebr\u00f3 la misa para ellos. El Vaticano especific\u00f3 que la reuni\u00f3n incluy\u00f3 a seis primos del pont\u00edfice y sus familias.\u00a0 <\/p>\n","protected":false},"excerpt":{"rendered":"<p>El papa Francisco pidi\u00f3 perd\u00f3n por la persecuci\u00f3n de la <a href=\"https:\/\/sertv.gob.pa\/nacionalfm\/el-papa-pide-perdon-a-evangelicos-por-persecucion-catolica\/\"> [&#8230;]<\/a><\/p>\n","protected":false},"author":1,"featured_media":5957,"comment_status":"closed","ping_status":"closed","sticky":false,"template":"","format":"standard","meta":{"footnotes":""},"categories":[3],"tags":[],"class_list":["post-5956","post","type-post","status-publish","format-standard","has-post-thumbnail","hentry","category-internacionales"],"_links":{"self":[{"href":"https:\/\/sertv.gob.pa\/nacionalfm\/wp-json\/wp\/v2\/posts\/5956","targetHints":{"allow":["GET"]}}],"collection":[{"href":"https:\/\/sertv.gob.pa\/nacionalfm\/wp-json\/wp\/v2\/posts"}],"about":[{"href":"https:\/\/sertv.gob.pa\/nacionalfm\/wp-json\/wp\/v2\/types\/post"}],"author":[{"embeddable":true,"href":"https:\/\/sertv.gob.pa\/nacionalfm\/wp-json\/wp\/v2\/users\/1"}],"replies":[{"embeddable":true,"href":"https:\/\/sertv.gob.pa\/nacionalfm\/wp-json\/wp\/v2\/comments?post=5956"}],"version-history":[{"count":0,"href":"https:\/\/sertv.gob.pa\/nacionalfm\/wp-json\/wp\/v2\/posts\/5956\/revisions"}],"wp:featuredmedia":[{"embeddable":true,"href":"https:\/\/sertv.gob.pa\/nacionalfm\/wp-json\/wp\/v2\/media\/5957"}],"wp:attachment":[{"href":"https:\/\/sertv.gob.pa\/nacionalfm\/wp-json\/wp\/v2\/media?parent=5956"}],"wp:term":[{"taxonomy":"category","embeddable":true,"href":"https:\/\/sertv.gob.pa\/nacionalfm\/wp-json\/wp\/v2\/categories?post=5956"},{"taxonomy":"post_tag","embeddable":true,"href":"https:\/\/sertv.gob.pa\/nacionalfm\/wp-json\/wp\/v2\/tags?post=5956"}],"curies":[{"name":"wp","href":"https:\/\/api.w.org\/{rel}","templated":true}]}}