{"id":5960,"date":"2015-06-22T15:07:16","date_gmt":"2015-06-22T15:07:16","guid":{"rendered":""},"modified":"2015-06-22T15:07:16","modified_gmt":"2015-06-22T15:07:16","slug":"ops-y-oea-juntas-para-combatir-enfermedades-no-transmisibles","status":"publish","type":"post","link":"https:\/\/sertv.gob.pa\/nacionalfm\/ops-y-oea-juntas-para-combatir-enfermedades-no-transmisibles\/","title":{"rendered":"OPS y OEA juntas para combatir enfermedades no transmisibles"},"content":{"rendered":"<p>\n La Organizaci\u00f3n de Estados Americanos (OEA)  y la  Organizaci\u00f3n Panamericana de la Salud (OPS)  se unieron para trabajar juntas en la lucha contra las  enfermedades conocidas como no transmisibles  (ENT) en el continente, causantes del 80% de los decesos en las Am\u00e9ricas, el 36% de ellas prematuras. <\/p>\n<p>En un acto celebrado en Washington, el secretario general de la OEA, Luis Almagro, subray\u00f3 que &ldquo;la salud y bienestar&rdquo; de los ciudadanos est\u00e1 &ldquo;en el centro de la agenda de derechos y equidad&rdquo; del organismo, por lo que las &ldquo;enfermedades no transmisibles deben abordarse integralmente&rdquo;. <\/p>\n<p>&ldquo;La colaboraci\u00f3n intergubernamental, interinstitucional e intersectorial es clave para reducir su incidencia&rdquo;, a\u00f1adi\u00f3 el secretario general. <\/p>\n<p>Por su parte, la directora de la OPS, Carissa Etienne, insisti\u00f3 en la necesidad de actuar de forma inmediata sobre este asunto. <\/p>\n<p>&ldquo;Las ENT son una carga no solo para los pacientes, sus familias y el sector de la salud, sino tambi\u00e9n para las sociedades y las econom\u00edas en su conjunto&rdquo;, manifest\u00f3. <\/p>\n<p>\u00a0 <\/p>\n","protected":false},"excerpt":{"rendered":"<p>La Organizaci\u00f3n de Estados Americanos (OEA) y la Organizaci\u00f3n Panamericana <a href=\"https:\/\/sertv.gob.pa\/nacionalfm\/ops-y-oea-juntas-para-combatir-enfermedades-no-transmisibles\/\"> [&#8230;]<\/a><\/p>\n","protected":false},"author":1,"featured_media":5961,"comment_status":"closed","ping_status":"closed","sticky":false,"template":"","format":"standard","meta":{"footnotes":""},"categories":[5],"tags":[],"class_list":["post-5960","post","type-post","status-publish","format-standard","has-post-thumbnail","hentry","category-salud"],"_links":{"self":[{"href":"https:\/\/sertv.gob.pa\/nacionalfm\/wp-json\/wp\/v2\/posts\/5960","targetHints":{"allow":["GET"]}}],"collection":[{"href":"https:\/\/sertv.gob.pa\/nacionalfm\/wp-json\/wp\/v2\/posts"}],"about":[{"href":"https:\/\/sertv.gob.pa\/nacionalfm\/wp-json\/wp\/v2\/types\/post"}],"author":[{"embeddable":true,"href":"https:\/\/sertv.gob.pa\/nacionalfm\/wp-json\/wp\/v2\/users\/1"}],"replies":[{"embeddable":true,"href":"https:\/\/sertv.gob.pa\/nacionalfm\/wp-json\/wp\/v2\/comments?post=5960"}],"version-history":[{"count":0,"href":"https:\/\/sertv.gob.pa\/nacionalfm\/wp-json\/wp\/v2\/posts\/5960\/revisions"}],"wp:featuredmedia":[{"embeddable":true,"href":"https:\/\/sertv.gob.pa\/nacionalfm\/wp-json\/wp\/v2\/media\/5961"}],"wp:attachment":[{"href":"https:\/\/sertv.gob.pa\/nacionalfm\/wp-json\/wp\/v2\/media?parent=5960"}],"wp:term":[{"taxonomy":"category","embeddable":true,"href":"https:\/\/sertv.gob.pa\/nacionalfm\/wp-json\/wp\/v2\/categories?post=5960"},{"taxonomy":"post_tag","embeddable":true,"href":"https:\/\/sertv.gob.pa\/nacionalfm\/wp-json\/wp\/v2\/tags?post=5960"}],"curies":[{"name":"wp","href":"https:\/\/api.w.org\/{rel}","templated":true}]}}