{"id":5964,"date":"2015-06-22T15:52:51","date_gmt":"2015-06-22T15:52:51","guid":{"rendered":""},"modified":"2015-06-22T15:52:51","modified_gmt":"2015-06-22T15:52:51","slug":"diabetes-gestacional","status":"publish","type":"post","link":"https:\/\/sertv.gob.pa\/nacionalfm\/diabetes-gestacional\/","title":{"rendered":"Diabetes gestacional"},"content":{"rendered":"<p>\nLa  diabetes gestacional  se presenta por un trastorno metab\u00f3lico en la embarazada y representa un 5% del total de las diabetes. Hay un cambio en el control de la glucosa por el embarazo y, por lo general, despu\u00e9s del embarazo la diabetes desaparece. <\/p>\n<p>Sin embargo, igualmente se han dado casos en que las mujeres llegan a desarrollar diabetes tipo 2 luego del  embarazo . <\/p>\n<p>Bowen resalta que al desarrollar  diabetes gestacional  el beb\u00e9 puede padecer malformaciones, ocurrir abortos e, incluso, el beb\u00e9 tendr\u00eda el az\u00facar alta. <\/p>\n<p>El infante va a crecer mucho, y es muy probable que haya dificultades en el parto y se tenga que practicar una ces\u00e1rea. <\/p>\n<p>Para estos casos, se recomienda que si ha tenido  diabetes gestacional \u00a0debe hacerse la prueba de diabetes entre 6 y 12 semanas despu\u00e9s de dar a luz y, posteriormente, cada tres a\u00f1os luego del embarazo. <\/p>\n<p>En el caso de padecer cualquier tipo de diabetes, es fundamental mantener una dieta balanceada y llevar una rutina de ejercicios. <\/p>\n<p>El ejercicio ayuda a quemar az\u00facar, entonces, si comes saludable y haces ejercicio le facilitas al  cuerpo  el balance del az\u00facar en la sangre. <\/p>\n<p>\u00a0 <\/p>\n","protected":false},"excerpt":{"rendered":"<p>La diabetes gestacional se presenta por un trastorno metab\u00f3lico en <a href=\"https:\/\/sertv.gob.pa\/nacionalfm\/diabetes-gestacional\/\"> [&#8230;]<\/a><\/p>\n","protected":false},"author":1,"featured_media":5965,"comment_status":"closed","ping_status":"closed","sticky":false,"template":"","format":"standard","meta":{"footnotes":""},"categories":[5],"tags":[],"class_list":["post-5964","post","type-post","status-publish","format-standard","has-post-thumbnail","hentry","category-salud"],"_links":{"self":[{"href":"https:\/\/sertv.gob.pa\/nacionalfm\/wp-json\/wp\/v2\/posts\/5964","targetHints":{"allow":["GET"]}}],"collection":[{"href":"https:\/\/sertv.gob.pa\/nacionalfm\/wp-json\/wp\/v2\/posts"}],"about":[{"href":"https:\/\/sertv.gob.pa\/nacionalfm\/wp-json\/wp\/v2\/types\/post"}],"author":[{"embeddable":true,"href":"https:\/\/sertv.gob.pa\/nacionalfm\/wp-json\/wp\/v2\/users\/1"}],"replies":[{"embeddable":true,"href":"https:\/\/sertv.gob.pa\/nacionalfm\/wp-json\/wp\/v2\/comments?post=5964"}],"version-history":[{"count":0,"href":"https:\/\/sertv.gob.pa\/nacionalfm\/wp-json\/wp\/v2\/posts\/5964\/revisions"}],"wp:featuredmedia":[{"embeddable":true,"href":"https:\/\/sertv.gob.pa\/nacionalfm\/wp-json\/wp\/v2\/media\/5965"}],"wp:attachment":[{"href":"https:\/\/sertv.gob.pa\/nacionalfm\/wp-json\/wp\/v2\/media?parent=5964"}],"wp:term":[{"taxonomy":"category","embeddable":true,"href":"https:\/\/sertv.gob.pa\/nacionalfm\/wp-json\/wp\/v2\/categories?post=5964"},{"taxonomy":"post_tag","embeddable":true,"href":"https:\/\/sertv.gob.pa\/nacionalfm\/wp-json\/wp\/v2\/tags?post=5964"}],"curies":[{"name":"wp","href":"https:\/\/api.w.org\/{rel}","templated":true}]}}