{"id":5998,"date":"2015-06-24T13:11:32","date_gmt":"2015-06-24T13:11:32","guid":{"rendered":""},"modified":"2015-06-24T13:11:32","modified_gmt":"2015-06-24T13:11:32","slug":"distinguen-al-dr-ricardo-arias-calderon-con-la-orden-manuel-amador-guerrero","status":"publish","type":"post","link":"https:\/\/sertv.gob.pa\/nacionalfm\/distinguen-al-dr-ricardo-arias-calderon-con-la-orden-manuel-amador-guerrero\/","title":{"rendered":"Distinguen a Dr. Ricardo Arias Calder\u00f3n con Orden Manuel Amador Guerrero"},"content":{"rendered":"<p>\nEl presidente de la rep\u00fablica, Juan Carlos Varela Rodriguez, distingui\u00f3 al Dr. Ricardo Arias Calder\u00f3n con la Orden Manuel Amador Guerrero, en Grado de Gran Cruz, la m\u00e1s alta condecoraci\u00f3n que confiere el Estado paname\u00f1o, despu\u00e9s de consagrar su vida al servicio p\u00fablico y luchar por la democracia del pa\u00eds. <\/p>\n<p>&ldquo;Estoy frente a un ciudadano que es due\u00f1o de cualidades morales, intelectuales y virtudes c\u00edvicas de car\u00e1cter excepcional; un pensador y l\u00edder pol\u00edtico de esos que surgen para se\u00f1alar nuevos cursos de acci\u00f3n y pensamiento en la historia de las naciones&rdquo;, pronunci\u00f3 el jefe de Estado. <\/p>\n<p>De igual modo, destac\u00f3 que el Dr. Arias Calder\u00f3n &ldquo;se ha entregado con pasi\u00f3n y generosidad a la tarea de construir una sociedad basada en los principios e ideas de democracia y justicia social, con pleno ejercicio de todas las libertades individuales y p\u00fablicas y de los principios cristianos&rdquo;. <\/p>\n<p>En cuanto a su Trayectoria hay que recordar que: <\/p>\n<p>Ricardo Arias Calder\u00f3n\u00a0 naci\u00f3 en Panam\u00e1 el 4 de mayo de 1933. Despu\u00e9s de concluir la licenciatura de Humanidades en la Universidad de Yale y la Licenciatura de Filosof\u00eda en la Universidad de Par\u00eds, obtuvo el grado de Doctor en Filosof\u00eda en la Escuela de Altos Estudios Pr\u00e1cticos de La Sorbona. <\/p>\n<p>Acad\u00e9mico de profesi\u00f3n como catedr\u00e1tico universitario y conferencista invitado en universidades y otros centros acad\u00e9micos en Am\u00e9rica Latina, Estados Unidos y Europa; tambi\u00e9n Decano de Humanidades y Vicepresidente Acad\u00e9mico de la Universidad Internacional de Florida. <\/p>\n<p>Su vocaci\u00f3n y compromiso como humanista cristiano la ha canalizado en la acci\u00f3n pol\u00edtica dem\u00f3crata cristiana. Ha sido presidente del Partido Dem\u00f3crata Cristiano de Panam\u00e1, presidente de la Organizaci\u00f3n Dem\u00f3crata Cristiana de Am\u00e9rica (ODCA), vicepresidente (1989-1995) y presidente (1995-1998 y nuevamente en 1999) de la Internacional Dem\u00f3crata Cristiana. <\/p>\n<p>Entre 1968 y 1989 se destac\u00f3 como uno de los principales l\u00edderes de la oposici\u00f3n civilista, siendo candidato vicepresidencial de la Alianza Democr\u00e1tica de Oposici\u00f3n Civilista, coalici\u00f3n que gan\u00f3 las elecciones generales de mayo de 1989. En raz\u00f3n de su lucha por la democracia paname\u00f1a fue excluido de la Universidad de Panam\u00e1, encarcelado varias veces, expulsado del pa\u00eds y en diversas ocasiones se atent\u00f3 contra su vida. <\/p>\n<p>En el ejercicio de la funci\u00f3n p\u00fablica (1989-1992) fue Primer Vicepresidente de Panam\u00e1 (1989-1992) y Ministro de Gobierno y Justicia (1989-91). En su calidad de ministro de Gobierno y Justicia asumi\u00f3 la tarea de desmilitarizar la seguridad de Panam\u00e1 y promover la reforma constitucional que consagr\u00f3 este hecho. <\/p>\n<p>Igualmente, fue columnista en varios diarios del pa\u00eds. Es as\u00ed como posteriormente recoge parte de sus escritos en siete libros hasta la fecha: Panam\u00e1: \u00bfDesastre o democracia? (1985), Conciencia cr\u00edtica (1995), Discusiones democr\u00e1tica (1996), Con libertad, reflexiones de actualidad 1996-1997 (1998), Democracia cristiana entre la identidad y la apertura (1999), Democracia sin ej\u00e9rcito, la experiencia de Panam\u00e1 (2001) y Cuba: Hoy y Ma\u00f1ana (2005). <\/p>\n<p>Adem\u00e1s, en 1954, obtuvo la distinci\u00f3n Phi Beta Kappa de la Universidad de Yale. En enero de 1998 le fue impuesta la Gran Cruz de la Orden del M\u00e9rito Civil de Espa\u00f1a. Recibi\u00f3 la Medalla Ar\u00edstides Calvani, que es la m\u00e1s alta condecoraci\u00f3n de la Internacional Dem\u00f3crata Cristiana otorgada a dirigentes pol\u00edticos que se han distinguido por su contribuci\u00f3n de primer orden a la democratizaci\u00f3n de su pa\u00eds y de su regi\u00f3n, la cual le fue concedida el 21 de noviembre de 2001 en M\u00e9xico, en presencia de los presidentes de Gobierno: de Espa\u00f1a, Jos\u00e9 Mar\u00eda Aznar y M\u00e9xico, Vicente Fox. <\/p>\n<p>En 2005 fue condecorado por el presidente Mart\u00edn Torrijos Espino con la Orden de Vasco N\u00fa\u00f1ez de Balboa en grado de Gran Cruz, por su servicio a la Patria como educador y pol\u00edtico ejemplar. <\/p>\n","protected":false},"excerpt":{"rendered":"<p>El presidente de la rep\u00fablica, Juan Carlos Varela Rodriguez, distingui\u00f3 <a href=\"https:\/\/sertv.gob.pa\/nacionalfm\/distinguen-al-dr-ricardo-arias-calderon-con-la-orden-manuel-amador-guerrero\/\"> [&#8230;]<\/a><\/p>\n","protected":false},"author":1,"featured_media":5999,"comment_status":"closed","ping_status":"closed","sticky":false,"template":"","format":"standard","meta":{"footnotes":""},"categories":[2],"tags":[],"class_list":["post-5998","post","type-post","status-publish","format-standard","has-post-thumbnail","hentry","category-nacionales"],"_links":{"self":[{"href":"https:\/\/sertv.gob.pa\/nacionalfm\/wp-json\/wp\/v2\/posts\/5998","targetHints":{"allow":["GET"]}}],"collection":[{"href":"https:\/\/sertv.gob.pa\/nacionalfm\/wp-json\/wp\/v2\/posts"}],"about":[{"href":"https:\/\/sertv.gob.pa\/nacionalfm\/wp-json\/wp\/v2\/types\/post"}],"author":[{"embeddable":true,"href":"https:\/\/sertv.gob.pa\/nacionalfm\/wp-json\/wp\/v2\/users\/1"}],"replies":[{"embeddable":true,"href":"https:\/\/sertv.gob.pa\/nacionalfm\/wp-json\/wp\/v2\/comments?post=5998"}],"version-history":[{"count":0,"href":"https:\/\/sertv.gob.pa\/nacionalfm\/wp-json\/wp\/v2\/posts\/5998\/revisions"}],"wp:featuredmedia":[{"embeddable":true,"href":"https:\/\/sertv.gob.pa\/nacionalfm\/wp-json\/wp\/v2\/media\/5999"}],"wp:attachment":[{"href":"https:\/\/sertv.gob.pa\/nacionalfm\/wp-json\/wp\/v2\/media?parent=5998"}],"wp:term":[{"taxonomy":"category","embeddable":true,"href":"https:\/\/sertv.gob.pa\/nacionalfm\/wp-json\/wp\/v2\/categories?post=5998"},{"taxonomy":"post_tag","embeddable":true,"href":"https:\/\/sertv.gob.pa\/nacionalfm\/wp-json\/wp\/v2\/tags?post=5998"}],"curies":[{"name":"wp","href":"https:\/\/api.w.org\/{rel}","templated":true}]}}