{"id":59991,"date":"2020-10-13T15:30:19","date_gmt":"2020-10-13T15:30:19","guid":{"rendered":"https:\/\/sertv.gob.pa\/nacionalfm\/?p=59991"},"modified":"2020-10-13T18:44:08","modified_gmt":"2020-10-13T18:44:08","slug":"mides-habilita-para-sus-colaboradoras-sala-de-lactancia-con-todas-las-medidas-de-bioseguridad","status":"publish","type":"post","link":"https:\/\/sertv.gob.pa\/nacionalfm\/mides-habilita-para-sus-colaboradoras-sala-de-lactancia-con-todas-las-medidas-de-bioseguridad\/","title":{"rendered":"MIDES habilita para sus colaboradoras, \u201csala de lactancia\u201d, con todas las medidas de bioseguridad"},"content":{"rendered":"<p>Las colaboradoras del ministerio de Desarrollo Social de Panam\u00e1 (MIDES), tendr\u00e1n un espacio seguro, confortable y privado para alimentar a sus beb\u00e9s, a trav\u00e9s de la <strong><em>\u201csala de lactancia\u201d,<\/em><\/strong> que fue habilitada con todas las medidas de bioseguridad que exigen las nuevas normas de salud.<\/p>\n<p>Es importante destacar, que con la instalaci\u00f3n de esta sala, las colaboradoras tienen la facilidad de no interrumpir el per\u00edodo de lactancia, una vez retornan a trabajar, brind\u00e1ndoles a sus beb\u00e9s, un adecuado crecimiento, nutrici\u00f3n y desarrollo.<\/p>\n<p>Estas instalaciones, forman parte de un programa de beneficios que la instituci\u00f3n promueve a favor de sus colaboradores, especialmente a las mujeres que son clave en el desarrollo social del pa\u00eds.<\/p>\n<p>Para esta gesti\u00f3n, se cont\u00f3 con la presencia de la ministra de Desarrollo Social, Mar\u00eda In\u00e9s Castillo de Sanmart\u00edn, quien en compa\u00f1\u00eda de la viceministra, Milagros Ramos Castro, particip\u00f3 de la apertura de la Sala, y pudieron conocer las facilidades que ofrece este espacio para las mujeres.<\/p>\n<p>\u201cSe trata de un lugar c\u00f3modo y privado, que se ha equipado con los implementos necesarios para facilitar un momento agradable para las madres, tomando en cuenta, los protocolos establecidos por las autoridades de salud, ante la COVID-19\u201d, indic\u00f3 la ministra.<\/p>\n<p>La sala, que abrir\u00e1 sus puertas en coordinaci\u00f3n con el Ministerio de Salud (MINSA), cuenta con afiches que promueven la lactancia y permite conocer todos los beneficios que ofrece la leche materna al reci\u00e9n nacido.<\/p>\n<p><strong>Cabe enfatizar, que la Organizaci\u00f3n Mundial de la Salud (OMS), afirma, que la leche materna, es la mejor fuente de alimentaci\u00f3n para el reci\u00e9n nacido, tiene impactos positivos en la salud, se crea un v\u00ednculo emocional entre la madre y el ni\u00f1o y ayuda a que este, tenga un buen desarrollo social y psicomotor, por ello, se recomienda la lactancia materna exclusiva durante los primeros seis meses de vida.<\/strong><\/p>\n<p><strong>Al mismo tiempo, protege al beb\u00e9 de enfermedades infecciosas, cr\u00f3nicas y reduce la mortalidad infantil por enfermedades de la infancia, como la diarrea o la neumon\u00eda, y favorece un pronto restablecimiento en caso de enfermedad.<\/strong><\/p>\n<p>La Ley 135 de 23 de mayo de 2020, protege y promueve la lactancia materna. Adem\u00e1s dicta las normas t\u00e9cnicas y administrativas para la adecuaci\u00f3n, organizaci\u00f3n y funcionamiento de las Salas de Lactancia Materna.<\/p>\n<p>&nbsp;<\/p>\n<p>Fuente: MIDES<\/p>\n","protected":false},"excerpt":{"rendered":"<p>Las colaboradoras del ministerio de Desarrollo Social de Panam\u00e1 (MIDES), <a href=\"https:\/\/sertv.gob.pa\/nacionalfm\/mides-habilita-para-sus-colaboradoras-sala-de-lactancia-con-todas-las-medidas-de-bioseguridad\/\"> [&#8230;]<\/a><\/p>\n","protected":false},"author":9,"featured_media":59992,"comment_status":"closed","ping_status":"closed","sticky":false,"template":"","format":"standard","meta":{"footnotes":""},"categories":[5],"tags":[],"class_list":["post-59991","post","type-post","status-publish","format-standard","has-post-thumbnail","hentry","category-salud"],"_links":{"self":[{"href":"https:\/\/sertv.gob.pa\/nacionalfm\/wp-json\/wp\/v2\/posts\/59991","targetHints":{"allow":["GET"]}}],"collection":[{"href":"https:\/\/sertv.gob.pa\/nacionalfm\/wp-json\/wp\/v2\/posts"}],"about":[{"href":"https:\/\/sertv.gob.pa\/nacionalfm\/wp-json\/wp\/v2\/types\/post"}],"author":[{"embeddable":true,"href":"https:\/\/sertv.gob.pa\/nacionalfm\/wp-json\/wp\/v2\/users\/9"}],"replies":[{"embeddable":true,"href":"https:\/\/sertv.gob.pa\/nacionalfm\/wp-json\/wp\/v2\/comments?post=59991"}],"version-history":[{"count":1,"href":"https:\/\/sertv.gob.pa\/nacionalfm\/wp-json\/wp\/v2\/posts\/59991\/revisions"}],"predecessor-version":[{"id":59994,"href":"https:\/\/sertv.gob.pa\/nacionalfm\/wp-json\/wp\/v2\/posts\/59991\/revisions\/59994"}],"wp:featuredmedia":[{"embeddable":true,"href":"https:\/\/sertv.gob.pa\/nacionalfm\/wp-json\/wp\/v2\/media\/59992"}],"wp:attachment":[{"href":"https:\/\/sertv.gob.pa\/nacionalfm\/wp-json\/wp\/v2\/media?parent=59991"}],"wp:term":[{"taxonomy":"category","embeddable":true,"href":"https:\/\/sertv.gob.pa\/nacionalfm\/wp-json\/wp\/v2\/categories?post=59991"},{"taxonomy":"post_tag","embeddable":true,"href":"https:\/\/sertv.gob.pa\/nacionalfm\/wp-json\/wp\/v2\/tags?post=59991"}],"curies":[{"name":"wp","href":"https:\/\/api.w.org\/{rel}","templated":true}]}}