{"id":6002,"date":"2015-06-24T14:52:45","date_gmt":"2015-06-24T14:52:45","guid":{"rendered":""},"modified":"2015-06-24T14:52:45","modified_gmt":"2015-06-24T14:52:45","slug":"las-inyecciones-de-insulina-podrian-sustituirse-por-un-parche","status":"publish","type":"post","link":"https:\/\/sertv.gob.pa\/nacionalfm\/las-inyecciones-de-insulina-podrian-sustituirse-por-un-parche\/","title":{"rendered":"Las inyecciones de insulina podr\u00edan sustituirse por un parche"},"content":{"rendered":"<p>\nSeg\u00fan un estudio que publica la revista cient\u00edfica &ldquo;Proceedings of the National Academy of Sciences&rdquo; (PNAS), un\u00a0 parche de insulina, cuadrado y no m\u00e1s grande que un c\u00e9ntimo de d\u00f3lar, podr\u00eda sustituir a las inyecciones para diab\u00e9ticos. <\/p>\n<p>El parche puede detectar los aumentoss en los niveles de az\u00facar en la sangre y secretar dosis de insulina en el torrente sangu\u00edneo cuando sea necesario. <\/p>\n<p>Adem\u00e1s, el prop\u00f3sito de sus creadores es que solo tenga que cambiarse cada ciertos d\u00edas, para hacer m\u00e1s llevadero el tratamiento a los pacientes. <\/p>\n<p>Hasta ahora, el parche solo se ha probado en ratones con diabetes de tipo 1, pero, seg\u00fan sus dise\u00f1adores, los resultados de este estudio son &ldquo;prometedores&rdquo; de su \u00e9xito en humanos. <\/p>\n<p>De hecho, sostienen que los efectos estabilizadores del parche podr\u00edan ser incluso m\u00e1s duraderos en humanos dado que tienen m\u00e1s sensibilidad a la insulina que los ratones. <\/p>\n<p>\u00a0 <\/p>\n","protected":false},"excerpt":{"rendered":"<p>Seg\u00fan un estudio que publica la revista cient\u00edfica &ldquo;Proceedings of <a href=\"https:\/\/sertv.gob.pa\/nacionalfm\/las-inyecciones-de-insulina-podrian-sustituirse-por-un-parche\/\"> [&#8230;]<\/a><\/p>\n","protected":false},"author":1,"featured_media":6003,"comment_status":"closed","ping_status":"closed","sticky":false,"template":"","format":"standard","meta":{"footnotes":""},"categories":[5],"tags":[],"class_list":["post-6002","post","type-post","status-publish","format-standard","has-post-thumbnail","hentry","category-salud"],"_links":{"self":[{"href":"https:\/\/sertv.gob.pa\/nacionalfm\/wp-json\/wp\/v2\/posts\/6002","targetHints":{"allow":["GET"]}}],"collection":[{"href":"https:\/\/sertv.gob.pa\/nacionalfm\/wp-json\/wp\/v2\/posts"}],"about":[{"href":"https:\/\/sertv.gob.pa\/nacionalfm\/wp-json\/wp\/v2\/types\/post"}],"author":[{"embeddable":true,"href":"https:\/\/sertv.gob.pa\/nacionalfm\/wp-json\/wp\/v2\/users\/1"}],"replies":[{"embeddable":true,"href":"https:\/\/sertv.gob.pa\/nacionalfm\/wp-json\/wp\/v2\/comments?post=6002"}],"version-history":[{"count":0,"href":"https:\/\/sertv.gob.pa\/nacionalfm\/wp-json\/wp\/v2\/posts\/6002\/revisions"}],"wp:featuredmedia":[{"embeddable":true,"href":"https:\/\/sertv.gob.pa\/nacionalfm\/wp-json\/wp\/v2\/media\/6003"}],"wp:attachment":[{"href":"https:\/\/sertv.gob.pa\/nacionalfm\/wp-json\/wp\/v2\/media?parent=6002"}],"wp:term":[{"taxonomy":"category","embeddable":true,"href":"https:\/\/sertv.gob.pa\/nacionalfm\/wp-json\/wp\/v2\/categories?post=6002"},{"taxonomy":"post_tag","embeddable":true,"href":"https:\/\/sertv.gob.pa\/nacionalfm\/wp-json\/wp\/v2\/tags?post=6002"}],"curies":[{"name":"wp","href":"https:\/\/api.w.org\/{rel}","templated":true}]}}