{"id":6022,"date":"2015-06-25T13:58:59","date_gmt":"2015-06-25T13:58:59","guid":{"rendered":""},"modified":"2015-06-25T13:58:59","modified_gmt":"2015-06-25T13:58:59","slug":"autoridades-del-minsa-y-meduca-se-unen-con-las-brigadas-cazamosquitos","status":"publish","type":"post","link":"https:\/\/sertv.gob.pa\/nacionalfm\/autoridades-del-minsa-y-meduca-se-unen-con-las-brigadas-cazamosquitos\/","title":{"rendered":"MINSA y MEDUCA unidas con las \u201cBrigadas Cazamosquitos\u201d"},"content":{"rendered":"<p>\n &ldquo;Brigadas Cazamosquitos&rdquo;,  as\u00ed se le denomina al  Programa Nacional   de Combate al Dengu e, que las autoridades del  Ministerio de Salud (MINSA), en uni\u00f3n con el Ministerio de Educaci\u00f3n (MEDUCA),  iniciaron con el objetivo de  erradicar los criaderos del   Aedes Aegypti . En esta primera oportunidad, se cont\u00f3 con la concurrencia de cientos de ni\u00f1os de la Escuela Fe y Alegr\u00eda de Curund\u00fa. Ambas entidades intentan crear conciencia en la poblaci\u00f3n adulta para alcanzar este prop\u00f3sito. <\/p>\n<p>De esta manera, 800 mil ni\u00f1os de 3,324 centros educativos obtendr\u00e1n formaci\u00f3n por la Direcci\u00f3n Nacional de Vectores para reconocer y eliminar los posibles criaderos de mosquitos, as\u00ed como difundir mensajes positivos que busquen concienciar a la poblaci\u00f3n frente a la amenaza latente del mosquito  Aedes aegypti.  <\/p>\n<p>Para hablar del tema, Dr. Francisco Javier Terrientes, Ministro de Salud reconoci\u00f3 el valor de involucrar a los ni\u00f1os y ni\u00f1as en estas actividades para reducir el riesgo de transmisi\u00f3n del Dengue entre los miembros de la comunidad educativa (estudiantes, docentes, administrativos y padres de familia) en todas la Regiones de Salud. <\/p>\n<p> Las &ldquo;Brigadas Cazamosquitos&rdquo; est\u00e1n integradas por ni\u00f1os y ni\u00f1as entre 8 y 17 a\u00f1os, supervisados por docentes y padres de familia, que igualmente reciben capacitaci\u00f3n por el MINSA\u00a0 con material educativo, adem\u00e1s \u00a0una gu\u00eda metodol\u00f3gica con actividades de promoci\u00f3n y vigilancia con la finalidad de inculcar actitudes, as\u00ed como \u00a0pr\u00e1cticas responsables de\u00a0 cuidados de la salud y protecci\u00f3n del ambiente.  <\/p>\n<p>Es importante se\u00f1alar, que durante el presente a\u00f1o, se han registrado 636 casos de Dengue confirmados.\u00a0 Solo en las \u00faltimas dos semanas 63 casos nuevos de Dengue en la comunidad de Las Garzas del \u00a0Distrito de Panam\u00e1.\u00a0 Hay que recordar, que esta es una enfermedad potencialmente mortal y al registrarse la \u00faltima epidemia en los meses de diciembre de 2014 y enero de 2015, dej\u00f3 un saldo \u00a0de 5400 casos y 16 v\u00edctimas fatales. <\/p>\n<p>A trav\u00e9s de esta estrategia el MINSA pretende ejercer su funci\u00f3n Rectora de la Salud y formadora de conciencia en pro del bienestar de la poblaci\u00f3n en Panam\u00e1. <\/p>\n","protected":false},"excerpt":{"rendered":"<p>&ldquo;Brigadas Cazamosquitos&rdquo;, as\u00ed se le denomina al Programa Nacional de <a href=\"https:\/\/sertv.gob.pa\/nacionalfm\/autoridades-del-minsa-y-meduca-se-unen-con-las-brigadas-cazamosquitos\/\"> [&#8230;]<\/a><\/p>\n","protected":false},"author":1,"featured_media":6023,"comment_status":"closed","ping_status":"closed","sticky":false,"template":"","format":"standard","meta":{"footnotes":""},"categories":[5],"tags":[],"class_list":["post-6022","post","type-post","status-publish","format-standard","has-post-thumbnail","hentry","category-salud"],"_links":{"self":[{"href":"https:\/\/sertv.gob.pa\/nacionalfm\/wp-json\/wp\/v2\/posts\/6022","targetHints":{"allow":["GET"]}}],"collection":[{"href":"https:\/\/sertv.gob.pa\/nacionalfm\/wp-json\/wp\/v2\/posts"}],"about":[{"href":"https:\/\/sertv.gob.pa\/nacionalfm\/wp-json\/wp\/v2\/types\/post"}],"author":[{"embeddable":true,"href":"https:\/\/sertv.gob.pa\/nacionalfm\/wp-json\/wp\/v2\/users\/1"}],"replies":[{"embeddable":true,"href":"https:\/\/sertv.gob.pa\/nacionalfm\/wp-json\/wp\/v2\/comments?post=6022"}],"version-history":[{"count":0,"href":"https:\/\/sertv.gob.pa\/nacionalfm\/wp-json\/wp\/v2\/posts\/6022\/revisions"}],"wp:featuredmedia":[{"embeddable":true,"href":"https:\/\/sertv.gob.pa\/nacionalfm\/wp-json\/wp\/v2\/media\/6023"}],"wp:attachment":[{"href":"https:\/\/sertv.gob.pa\/nacionalfm\/wp-json\/wp\/v2\/media?parent=6022"}],"wp:term":[{"taxonomy":"category","embeddable":true,"href":"https:\/\/sertv.gob.pa\/nacionalfm\/wp-json\/wp\/v2\/categories?post=6022"},{"taxonomy":"post_tag","embeddable":true,"href":"https:\/\/sertv.gob.pa\/nacionalfm\/wp-json\/wp\/v2\/tags?post=6022"}],"curies":[{"name":"wp","href":"https:\/\/api.w.org\/{rel}","templated":true}]}}