{"id":6032,"date":"2015-06-25T18:20:35","date_gmt":"2015-06-25T18:20:35","guid":{"rendered":""},"modified":"2015-06-25T18:20:35","modified_gmt":"2015-06-25T18:20:35","slug":"realizan-docencia-con-jornada-denominada-hipercolesterolemia-en-ninos","status":"publish","type":"post","link":"https:\/\/sertv.gob.pa\/nacionalfm\/realizan-docencia-con-jornada-denominada-hipercolesterolemia-en-ninos\/","title":{"rendered":"\u201cHipercolesterolemia en ni\u00f1os\u201d, jornada docente de la CSS"},"content":{"rendered":"<p>\n&ldquo;Hipercolesterolemia en ni\u00f1os&rdquo;, as\u00ed se le denomin\u00f3 a la jornada docente que se llev\u00f3 a cabo en la Unidad Local de Atenci\u00f3n Primaria en Salud (ULAPS), Edilberto Culiolis, de la Caja de Seguro Social, ubicada en Las Cumbres. <\/p>\n<p>Durante el desarrollo de este evento, Gilma Ortega de Flores, enfermera pediatra del programa Infantil de la policl\u00ednica Generoso Guardia en Santa Librada, exhort\u00f3 a modificar los estilos de vida, basados en el incremento de actividades f\u00edsicas y recreativas, una sana alimentaci\u00f3n que incluya mejor preparaci\u00f3n de las loncheras escolares, impedir el consumo de bebidas azucaradas y beber suficiente agua durante el d\u00eda. <\/p>\n","protected":false},"excerpt":{"rendered":"<p>&ldquo;Hipercolesterolemia en ni\u00f1os&rdquo;, as\u00ed se le denomin\u00f3 a la jornada <a href=\"https:\/\/sertv.gob.pa\/nacionalfm\/realizan-docencia-con-jornada-denominada-hipercolesterolemia-en-ninos\/\"> [&#8230;]<\/a><\/p>\n","protected":false},"author":1,"featured_media":6033,"comment_status":"closed","ping_status":"closed","sticky":false,"template":"","format":"standard","meta":{"footnotes":""},"categories":[5],"tags":[],"class_list":["post-6032","post","type-post","status-publish","format-standard","has-post-thumbnail","hentry","category-salud"],"_links":{"self":[{"href":"https:\/\/sertv.gob.pa\/nacionalfm\/wp-json\/wp\/v2\/posts\/6032","targetHints":{"allow":["GET"]}}],"collection":[{"href":"https:\/\/sertv.gob.pa\/nacionalfm\/wp-json\/wp\/v2\/posts"}],"about":[{"href":"https:\/\/sertv.gob.pa\/nacionalfm\/wp-json\/wp\/v2\/types\/post"}],"author":[{"embeddable":true,"href":"https:\/\/sertv.gob.pa\/nacionalfm\/wp-json\/wp\/v2\/users\/1"}],"replies":[{"embeddable":true,"href":"https:\/\/sertv.gob.pa\/nacionalfm\/wp-json\/wp\/v2\/comments?post=6032"}],"version-history":[{"count":0,"href":"https:\/\/sertv.gob.pa\/nacionalfm\/wp-json\/wp\/v2\/posts\/6032\/revisions"}],"wp:featuredmedia":[{"embeddable":true,"href":"https:\/\/sertv.gob.pa\/nacionalfm\/wp-json\/wp\/v2\/media\/6033"}],"wp:attachment":[{"href":"https:\/\/sertv.gob.pa\/nacionalfm\/wp-json\/wp\/v2\/media?parent=6032"}],"wp:term":[{"taxonomy":"category","embeddable":true,"href":"https:\/\/sertv.gob.pa\/nacionalfm\/wp-json\/wp\/v2\/categories?post=6032"},{"taxonomy":"post_tag","embeddable":true,"href":"https:\/\/sertv.gob.pa\/nacionalfm\/wp-json\/wp\/v2\/tags?post=6032"}],"curies":[{"name":"wp","href":"https:\/\/api.w.org\/{rel}","templated":true}]}}