{"id":60375,"date":"2020-10-20T18:00:20","date_gmt":"2020-10-20T18:00:20","guid":{"rendered":"https:\/\/sertv.gob.pa\/nacionalfm\/?p=60375"},"modified":"2020-10-20T20:26:59","modified_gmt":"2020-10-20T20:26:59","slug":"60375-2","status":"publish","type":"post","link":"https:\/\/sertv.gob.pa\/nacionalfm\/60375-2\/","title":{"rendered":"La Osteoporosis, la importancia de una buena alimentaci\u00f3n y pr\u00e1ctica de ejercicios para prevenirla"},"content":{"rendered":"<p>El D\u00eda Mundial de la Osteoporosis se celebra cada 20 de octubre, es por ello, que las autoridades del Ministerio de Salud de Panam\u00e1 (MINSA), recuerda a la poblaci\u00f3n, la importancia de una alimentaci\u00f3n nutritiva y variada para prevenir esta enfermedad.<\/p>\n<p>En este contexto, la jefa Nacional del Programa de Nutrici\u00f3n del Ministerio de Salud, Celestina Delgado, explic\u00f3, que para prevenir esta patolog\u00eda, es necesaria una alimentaci\u00f3n equilibrada rica en calcio y vitamina D.<\/p>\n<p>La osteoporosis, es una\u00a0enfermedad cr\u00f3nica\u00a0y progresiva que se caracteriza por una disminuci\u00f3n de la masa \u00f3sea y un deterioro de la microarquitectura de los huesos, lo que supone un aumento de la fragilidad de los huesos y del riesgo de sufrir fracturas, revel\u00f3 la especialista.<\/p>\n<p>Delgado, refiri\u00f3, que la mayor fuente de calcio se encuentra en todos los productos l\u00e1cteos; tales como: la leche y sus derivados, y agreg\u00f3, que es bueno consumir tambi\u00e9n alimentos ricos en vitamina D como: pescados, salm\u00f3n y at\u00fan.<\/p>\n<p>Explic\u00f3, que el calcio, se deposita en los huesos aproximadamente hasta los 35 a\u00f1os, es por eso la importancia desde cuando nacemos y en toda la etapa de la juventud, el mantener un buen aporte de este nutriente en nuestro cuerpo, ya que al llegar a la etapa de adulto mayor, el funcionamiento del calcio en el cuerpo, es diferente ya no se almacena, sino que se utiliza.<\/p>\n<p>Recomend\u00f3, el h\u00e1bito del ejercicio, pues contribuye a que el calcio, se filtre de mejor manera en los huesos.<\/p>\n<p>Finalmente coment\u00f3, que una dieta sana complementada con actividad f\u00edsica, logra prevenir el riesgo a padecer de la osteoporosis.<\/p>\n<p>Cabe mencionar, que la Organizaci\u00f3n Mundial de la Salud (OMS), ha catalogado a la osteoporosis, como una de las epidemias de este siglo y es muy com\u00fan entre las personas mayores de 50 a\u00f1os.<\/p>\n<p>&nbsp;<\/p>\n<p>Fuente: MINSA<\/p>\n<p>&nbsp;<\/p>\n","protected":false},"excerpt":{"rendered":"<p>El D\u00eda Mundial de la Osteoporosis se celebra cada 20 <a href=\"https:\/\/sertv.gob.pa\/nacionalfm\/60375-2\/\"> [&#8230;]<\/a><\/p>\n","protected":false},"author":9,"featured_media":60376,"comment_status":"closed","ping_status":"closed","sticky":false,"template":"","format":"standard","meta":{"footnotes":""},"categories":[5],"tags":[],"class_list":["post-60375","post","type-post","status-publish","format-standard","has-post-thumbnail","hentry","category-salud"],"_links":{"self":[{"href":"https:\/\/sertv.gob.pa\/nacionalfm\/wp-json\/wp\/v2\/posts\/60375","targetHints":{"allow":["GET"]}}],"collection":[{"href":"https:\/\/sertv.gob.pa\/nacionalfm\/wp-json\/wp\/v2\/posts"}],"about":[{"href":"https:\/\/sertv.gob.pa\/nacionalfm\/wp-json\/wp\/v2\/types\/post"}],"author":[{"embeddable":true,"href":"https:\/\/sertv.gob.pa\/nacionalfm\/wp-json\/wp\/v2\/users\/9"}],"replies":[{"embeddable":true,"href":"https:\/\/sertv.gob.pa\/nacionalfm\/wp-json\/wp\/v2\/comments?post=60375"}],"version-history":[{"count":2,"href":"https:\/\/sertv.gob.pa\/nacionalfm\/wp-json\/wp\/v2\/posts\/60375\/revisions"}],"predecessor-version":[{"id":60382,"href":"https:\/\/sertv.gob.pa\/nacionalfm\/wp-json\/wp\/v2\/posts\/60375\/revisions\/60382"}],"wp:featuredmedia":[{"embeddable":true,"href":"https:\/\/sertv.gob.pa\/nacionalfm\/wp-json\/wp\/v2\/media\/60376"}],"wp:attachment":[{"href":"https:\/\/sertv.gob.pa\/nacionalfm\/wp-json\/wp\/v2\/media?parent=60375"}],"wp:term":[{"taxonomy":"category","embeddable":true,"href":"https:\/\/sertv.gob.pa\/nacionalfm\/wp-json\/wp\/v2\/categories?post=60375"},{"taxonomy":"post_tag","embeddable":true,"href":"https:\/\/sertv.gob.pa\/nacionalfm\/wp-json\/wp\/v2\/tags?post=60375"}],"curies":[{"name":"wp","href":"https:\/\/api.w.org\/{rel}","templated":true}]}}