{"id":6042,"date":"2015-06-26T15:30:27","date_gmt":"2015-06-26T15:30:27","guid":{"rendered":""},"modified":"2015-06-26T15:30:27","modified_gmt":"2015-06-26T15:30:27","slug":"apoyo-y-cooperacion-para-combatir-el-dengue-brinda-la-u-p-c","status":"publish","type":"post","link":"https:\/\/sertv.gob.pa\/nacionalfm\/apoyo-y-cooperacion-para-combatir-el-dengue-brinda-la-u-p-c\/","title":{"rendered":"Apoyo y cooperaci\u00f3n para combatir el dengue brinda la U.P.C"},"content":{"rendered":"<p>\nComo una forma\u00a0 de brindar su colaboraci\u00f3n a las diversas comunidades en que se encuentran por\u00a0 la problem\u00e1tica de salud que afrontan las mismas; en esta ocasi\u00f3n correspondi\u00f3 a la Unidad Preventiva Comunitaria (UPC) de El Chorrillo, respaldar a este corregimiento, el participar de un concurso de banners dedicado a la lucha contra el dengue, y que es organizado por el Centro de Salud en el corregimiento de Santa Ana. <\/p>\n<p>Durante la ceremonia, la UPC obtuvo un certificado de reconocimiento por el apoyo y colaboraci\u00f3n que ofrecen las unidades policiales en la lucha contra esta enfermedad en la comunidad. <\/p>\n<p>Cabe destacar, que la U.P.C. sigue desarrollando actividades de prevenci\u00f3n en apoyo a la comunidad. <\/p>\n","protected":false},"excerpt":{"rendered":"<p>Como una forma\u00a0 de brindar su colaboraci\u00f3n a las diversas <a href=\"https:\/\/sertv.gob.pa\/nacionalfm\/apoyo-y-cooperacion-para-combatir-el-dengue-brinda-la-u-p-c\/\"> [&#8230;]<\/a><\/p>\n","protected":false},"author":1,"featured_media":6043,"comment_status":"closed","ping_status":"closed","sticky":false,"template":"","format":"standard","meta":{"footnotes":""},"categories":[5],"tags":[],"class_list":["post-6042","post","type-post","status-publish","format-standard","has-post-thumbnail","hentry","category-salud"],"_links":{"self":[{"href":"https:\/\/sertv.gob.pa\/nacionalfm\/wp-json\/wp\/v2\/posts\/6042","targetHints":{"allow":["GET"]}}],"collection":[{"href":"https:\/\/sertv.gob.pa\/nacionalfm\/wp-json\/wp\/v2\/posts"}],"about":[{"href":"https:\/\/sertv.gob.pa\/nacionalfm\/wp-json\/wp\/v2\/types\/post"}],"author":[{"embeddable":true,"href":"https:\/\/sertv.gob.pa\/nacionalfm\/wp-json\/wp\/v2\/users\/1"}],"replies":[{"embeddable":true,"href":"https:\/\/sertv.gob.pa\/nacionalfm\/wp-json\/wp\/v2\/comments?post=6042"}],"version-history":[{"count":0,"href":"https:\/\/sertv.gob.pa\/nacionalfm\/wp-json\/wp\/v2\/posts\/6042\/revisions"}],"wp:featuredmedia":[{"embeddable":true,"href":"https:\/\/sertv.gob.pa\/nacionalfm\/wp-json\/wp\/v2\/media\/6043"}],"wp:attachment":[{"href":"https:\/\/sertv.gob.pa\/nacionalfm\/wp-json\/wp\/v2\/media?parent=6042"}],"wp:term":[{"taxonomy":"category","embeddable":true,"href":"https:\/\/sertv.gob.pa\/nacionalfm\/wp-json\/wp\/v2\/categories?post=6042"},{"taxonomy":"post_tag","embeddable":true,"href":"https:\/\/sertv.gob.pa\/nacionalfm\/wp-json\/wp\/v2\/tags?post=6042"}],"curies":[{"name":"wp","href":"https:\/\/api.w.org\/{rel}","templated":true}]}}