{"id":60436,"date":"2020-10-21T17:00:54","date_gmt":"2020-10-21T17:00:54","guid":{"rendered":"https:\/\/sertv.gob.pa\/nacionalfm\/?p=60436"},"modified":"2020-10-21T20:26:37","modified_gmt":"2020-10-21T20:26:37","slug":"en-la-provincia-de-cocle-conmemoran-dia-contra-el-cancer-de-mama-y-fundacion-de-la-pintada","status":"publish","type":"post","link":"https:\/\/sertv.gob.pa\/nacionalfm\/en-la-provincia-de-cocle-conmemoran-dia-contra-el-cancer-de-mama-y-fundacion-de-la-pintada\/","title":{"rendered":"En la provincia de Cocl\u00e9, conmemoran d\u00eda contra el c\u00e1ncer de mama y fundaci\u00f3n de La Pintada"},"content":{"rendered":"<p>En conmemoraci\u00f3n del d\u00eda mundial del c\u00e1ncer de mama, personal de salud de los distritos de Nat\u00e1 y Penonom\u00e9, llevaron a cabo, una siembra de habladores, lazos rosados en \u00e1reas verdes y entrada al pueblo.<\/p>\n<p>Igualmente, se dio docencia a grupos de mujeres sobre la importancia del autoexamen, la prevenci\u00f3n y detecci\u00f3n temprana de esta enfermedad.<\/p>\n<p>Asimismo, \u00a0se realizaron actividades en el distrito de La Pintada, en acto de fundaci\u00f3n, las autoridades locales, hicieron un reconocimiento p\u00fablico al personal que labora en los Centros de Salud de El Cop\u00e9, La Pintada y Coclesito, en la provincia de Cocl\u00e9, por el arduo trabajo que han venido efectuando todos los Equipos de Trazabilidad y de Respuesta R\u00e1pida, en estos momentos de\u00a0 pandemia, siendo vigilantes en evitar la propagaci\u00f3n del virus en el distrito.<\/p>\n<p>&nbsp;<\/p>\n<p>Fuente: MINSA<\/p>\n","protected":false},"excerpt":{"rendered":"<p>En conmemoraci\u00f3n del d\u00eda mundial del c\u00e1ncer de mama, personal <a href=\"https:\/\/sertv.gob.pa\/nacionalfm\/en-la-provincia-de-cocle-conmemoran-dia-contra-el-cancer-de-mama-y-fundacion-de-la-pintada\/\"> [&#8230;]<\/a><\/p>\n","protected":false},"author":9,"featured_media":60438,"comment_status":"closed","ping_status":"closed","sticky":false,"template":"","format":"standard","meta":{"footnotes":""},"categories":[5],"tags":[],"class_list":["post-60436","post","type-post","status-publish","format-standard","has-post-thumbnail","hentry","category-salud"],"_links":{"self":[{"href":"https:\/\/sertv.gob.pa\/nacionalfm\/wp-json\/wp\/v2\/posts\/60436","targetHints":{"allow":["GET"]}}],"collection":[{"href":"https:\/\/sertv.gob.pa\/nacionalfm\/wp-json\/wp\/v2\/posts"}],"about":[{"href":"https:\/\/sertv.gob.pa\/nacionalfm\/wp-json\/wp\/v2\/types\/post"}],"author":[{"embeddable":true,"href":"https:\/\/sertv.gob.pa\/nacionalfm\/wp-json\/wp\/v2\/users\/9"}],"replies":[{"embeddable":true,"href":"https:\/\/sertv.gob.pa\/nacionalfm\/wp-json\/wp\/v2\/comments?post=60436"}],"version-history":[{"count":1,"href":"https:\/\/sertv.gob.pa\/nacionalfm\/wp-json\/wp\/v2\/posts\/60436\/revisions"}],"predecessor-version":[{"id":60443,"href":"https:\/\/sertv.gob.pa\/nacionalfm\/wp-json\/wp\/v2\/posts\/60436\/revisions\/60443"}],"wp:featuredmedia":[{"embeddable":true,"href":"https:\/\/sertv.gob.pa\/nacionalfm\/wp-json\/wp\/v2\/media\/60438"}],"wp:attachment":[{"href":"https:\/\/sertv.gob.pa\/nacionalfm\/wp-json\/wp\/v2\/media?parent=60436"}],"wp:term":[{"taxonomy":"category","embeddable":true,"href":"https:\/\/sertv.gob.pa\/nacionalfm\/wp-json\/wp\/v2\/categories?post=60436"},{"taxonomy":"post_tag","embeddable":true,"href":"https:\/\/sertv.gob.pa\/nacionalfm\/wp-json\/wp\/v2\/tags?post=60436"}],"curies":[{"name":"wp","href":"https:\/\/api.w.org\/{rel}","templated":true}]}}