{"id":60472,"date":"2020-10-22T14:52:13","date_gmt":"2020-10-22T14:52:13","guid":{"rendered":"https:\/\/sertv.gob.pa\/nacionalfm\/?p=60472"},"modified":"2020-10-22T14:52:13","modified_gmt":"2020-10-22T14:52:13","slug":"director-de-correos-panama-julio-ramirez-anuncia-paises-que-recibiran-envios-de-paqueteria-internacional","status":"publish","type":"post","link":"https:\/\/sertv.gob.pa\/nacionalfm\/director-de-correos-panama-julio-ramirez-anuncia-paises-que-recibiran-envios-de-paqueteria-internacional\/","title":{"rendered":"Director de Correos Panam\u00e1, Julio Ram\u00edrez, anuncia pa\u00edses que recibir\u00e1n  env\u00edos de paqueter\u00eda internacional"},"content":{"rendered":"<p>Argentina, Brasil, Colombia, Costa Rica, Chile, El Salvador, Estados Unidos de Am\u00e9rica, Rep\u00fablica Dominicana y Uruguay, son las naciones de Am\u00e9rica que conforman el listado para remitir env\u00edos postales, encomiendas, EMS, env\u00edos de correspondencia ordinarios y recomendados, seg\u00fan dio a conocer, \u00a0el director de Correos Panam\u00e1, Julio Ram\u00edrez.<\/p>\n<p>La reapertura del servicio de paqueter\u00eda internacional, inici\u00f3 esta semana de acuerdo con los pa\u00edses que enviaron su comunicado formal, a trav\u00e9s de la Uni\u00f3n Postal Universal, donde se informaba la reactivaci\u00f3n para enviar y recibir paqueter\u00eda desde y hacia Panam\u00e1.<\/p>\n<p>Der igual modo, Ram\u00edrez revel\u00f3, que Panam\u00e1, estar\u00e1 recibiendo paqueter\u00eda desde cualquier parte del mundo, y a medida que el resto de los pa\u00edses que conforman la Uni\u00f3n Postal Universal confirmen su reintegro internacional, se les estar\u00e1 comunicando a todos nuestros usuarios a trav\u00e9s de las diversas plataformas y medios de comunicaci\u00f3n. Correos Panam\u00e1, se encuentra comprometido con todos los paname\u00f1os para conectar al mundo y reactivar la econom\u00eda de nuestro pa\u00eds, puntualiz\u00f3 el director de Correos Panam\u00e1.<\/p>\n<p>&nbsp;<\/p>\n<p>Fuente: COTEL<\/p>\n<p>&nbsp;<\/p>\n<p>&nbsp;<\/p>\n","protected":false},"excerpt":{"rendered":"<p>Argentina, Brasil, Colombia, Costa Rica, Chile, El Salvador, Estados Unidos <a href=\"https:\/\/sertv.gob.pa\/nacionalfm\/director-de-correos-panama-julio-ramirez-anuncia-paises-que-recibiran-envios-de-paqueteria-internacional\/\"> [&#8230;]<\/a><\/p>\n","protected":false},"author":9,"featured_media":60473,"comment_status":"closed","ping_status":"closed","sticky":false,"template":"","format":"standard","meta":{"footnotes":""},"categories":[1],"tags":[],"class_list":["post-60472","post","type-post","status-publish","format-standard","has-post-thumbnail","hentry","category-sin-categoria"],"_links":{"self":[{"href":"https:\/\/sertv.gob.pa\/nacionalfm\/wp-json\/wp\/v2\/posts\/60472","targetHints":{"allow":["GET"]}}],"collection":[{"href":"https:\/\/sertv.gob.pa\/nacionalfm\/wp-json\/wp\/v2\/posts"}],"about":[{"href":"https:\/\/sertv.gob.pa\/nacionalfm\/wp-json\/wp\/v2\/types\/post"}],"author":[{"embeddable":true,"href":"https:\/\/sertv.gob.pa\/nacionalfm\/wp-json\/wp\/v2\/users\/9"}],"replies":[{"embeddable":true,"href":"https:\/\/sertv.gob.pa\/nacionalfm\/wp-json\/wp\/v2\/comments?post=60472"}],"version-history":[{"count":1,"href":"https:\/\/sertv.gob.pa\/nacionalfm\/wp-json\/wp\/v2\/posts\/60472\/revisions"}],"predecessor-version":[{"id":60475,"href":"https:\/\/sertv.gob.pa\/nacionalfm\/wp-json\/wp\/v2\/posts\/60472\/revisions\/60475"}],"wp:featuredmedia":[{"embeddable":true,"href":"https:\/\/sertv.gob.pa\/nacionalfm\/wp-json\/wp\/v2\/media\/60473"}],"wp:attachment":[{"href":"https:\/\/sertv.gob.pa\/nacionalfm\/wp-json\/wp\/v2\/media?parent=60472"}],"wp:term":[{"taxonomy":"category","embeddable":true,"href":"https:\/\/sertv.gob.pa\/nacionalfm\/wp-json\/wp\/v2\/categories?post=60472"},{"taxonomy":"post_tag","embeddable":true,"href":"https:\/\/sertv.gob.pa\/nacionalfm\/wp-json\/wp\/v2\/tags?post=60472"}],"curies":[{"name":"wp","href":"https:\/\/api.w.org\/{rel}","templated":true}]}}