{"id":6052,"date":"2015-06-26T19:28:10","date_gmt":"2015-06-26T19:28:10","guid":{"rendered":""},"modified":"2015-06-26T19:28:10","modified_gmt":"2015-06-26T19:28:10","slug":"sigue-feria-de-salud-en-la-plaza-de-loteria-nacional-de-beneficencia","status":"publish","type":"post","link":"https:\/\/sertv.gob.pa\/nacionalfm\/sigue-feria-de-salud-en-la-plaza-de-loteria-nacional-de-beneficencia\/","title":{"rendered":"Sigue Feria de Salud en la Plaza de Loter\u00eda Nacional de Beneficencia"},"content":{"rendered":"<p>\nDurante el mes de la prevenci\u00f3n del VIH y SIDA, la Caja de Seguro Social (CSS), particip\u00f3 en la feria interinstitucional desarrollada en la plaza de la Loter\u00eda Nacional de Beneficencia (LNB). <\/p>\n<p>Para esto, personal de salud de la Subdirecci\u00f3n Nacional de Atenci\u00f3n Primaria y de las policl\u00ednicas Carlos N. Brin y Manuel Ferres Vald\u00e9s brindaron a los visitantes: medici\u00f3n de glicemia, toma de presi\u00f3n arterial, aplicaci\u00f3n de vacunas de influenza, neumococo, TD, MR y distribuci\u00f3n de material de promoci\u00f3n y prevenci\u00f3n. <\/p>\n<p>De esta manera, el Ministerio de Salud (MINSA) en conjunto con la CSS bajo la coordinaci\u00f3n del Despacho de la Primera Dama de la Rep\u00fablica contin\u00faa el proceso de captaci\u00f3n de pacientes para la aplicaci\u00f3n de las pruebas de VIH. <\/p>\n<p>A finales del mes de junio se dar\u00e1n a conocer los resultados logrados durante la primera campa\u00f1a de prevenci\u00f3n contra el VIH \/ SIDA. <\/p>\n","protected":false},"excerpt":{"rendered":"<p>Durante el mes de la prevenci\u00f3n del VIH y SIDA, <a href=\"https:\/\/sertv.gob.pa\/nacionalfm\/sigue-feria-de-salud-en-la-plaza-de-loteria-nacional-de-beneficencia\/\"> [&#8230;]<\/a><\/p>\n","protected":false},"author":1,"featured_media":6053,"comment_status":"closed","ping_status":"closed","sticky":false,"template":"","format":"standard","meta":{"footnotes":""},"categories":[5],"tags":[],"class_list":["post-6052","post","type-post","status-publish","format-standard","has-post-thumbnail","hentry","category-salud"],"_links":{"self":[{"href":"https:\/\/sertv.gob.pa\/nacionalfm\/wp-json\/wp\/v2\/posts\/6052","targetHints":{"allow":["GET"]}}],"collection":[{"href":"https:\/\/sertv.gob.pa\/nacionalfm\/wp-json\/wp\/v2\/posts"}],"about":[{"href":"https:\/\/sertv.gob.pa\/nacionalfm\/wp-json\/wp\/v2\/types\/post"}],"author":[{"embeddable":true,"href":"https:\/\/sertv.gob.pa\/nacionalfm\/wp-json\/wp\/v2\/users\/1"}],"replies":[{"embeddable":true,"href":"https:\/\/sertv.gob.pa\/nacionalfm\/wp-json\/wp\/v2\/comments?post=6052"}],"version-history":[{"count":0,"href":"https:\/\/sertv.gob.pa\/nacionalfm\/wp-json\/wp\/v2\/posts\/6052\/revisions"}],"wp:featuredmedia":[{"embeddable":true,"href":"https:\/\/sertv.gob.pa\/nacionalfm\/wp-json\/wp\/v2\/media\/6053"}],"wp:attachment":[{"href":"https:\/\/sertv.gob.pa\/nacionalfm\/wp-json\/wp\/v2\/media?parent=6052"}],"wp:term":[{"taxonomy":"category","embeddable":true,"href":"https:\/\/sertv.gob.pa\/nacionalfm\/wp-json\/wp\/v2\/categories?post=6052"},{"taxonomy":"post_tag","embeddable":true,"href":"https:\/\/sertv.gob.pa\/nacionalfm\/wp-json\/wp\/v2\/tags?post=6052"}],"curies":[{"name":"wp","href":"https:\/\/api.w.org\/{rel}","templated":true}]}}