{"id":607,"date":"2014-07-29T05:00:00","date_gmt":"2014-07-29T05:00:00","guid":{"rendered":""},"modified":"2014-07-29T05:00:00","modified_gmt":"2014-07-29T05:00:00","slug":"dos-muertos-en-honduras-por-dengue-hemorragico","status":"publish","type":"post","link":"https:\/\/sertv.gob.pa\/nacionalfm\/dos-muertos-en-honduras-por-dengue-hemorragico\/","title":{"rendered":"Dos muertos en Honduras por dengue hemorr\u00e1gico"},"content":{"rendered":"<p>\nLos decesos  ocasionados por dengue del tipo hemorr\u00e1gico este a\u00f1o en Honduras  se incrementaron a dos con la muerte de una  mujer de 24 a\u00f1os  la semana pasada, informaron \u00a0autoridades sanitarias del pa\u00eds centroamericano. <\/p>\n<p>El  subsecretario hondure\u00f1o de Salud, Francis Contreras , expres\u00f3 escuetamente a periodistas que la semana pasada una mujer, cuyo nombre no precis\u00f3, \u00ablastimosamente falleci\u00f3 \u00a0por dengue\u00bb en San Pedro Sula, en el norte de este pa\u00eds. <\/p>\n<p>Una ni\u00f1a de tres a\u00f1os de edad fue la primera v\u00edctima mortal registrada este a\u00f1o en Honduras a causa de ese tipo de dengue. <\/p>\n<p>La menor falleci\u00f3 el pasado d\u00eda 15 en el hospital de Choluteca, y era originaria del municipio de  El Corpus , en el sur del pa\u00eds centroamericano. <\/p>\n<p>Las personas que han contra\u00eddo el dengue cl\u00e1sico en lo que va de a\u00f1o superan las 10.500 en todo el pa\u00eds, mientras que las sospechosas del hemorr\u00e1gico superan los 9.000, indic\u00f3 Contreras.\u00a0 @nacionalFm <\/p>\n","protected":false},"excerpt":{"rendered":"<p>Los decesos ocasionados por dengue del tipo hemorr\u00e1gico este a\u00f1o <a href=\"https:\/\/sertv.gob.pa\/nacionalfm\/dos-muertos-en-honduras-por-dengue-hemorragico\/\"> [&#8230;]<\/a><\/p>\n","protected":false},"author":1,"featured_media":608,"comment_status":"closed","ping_status":"closed","sticky":false,"template":"","format":"standard","meta":{"footnotes":""},"categories":[5],"tags":[],"class_list":["post-607","post","type-post","status-publish","format-standard","has-post-thumbnail","hentry","category-salud"],"_links":{"self":[{"href":"https:\/\/sertv.gob.pa\/nacionalfm\/wp-json\/wp\/v2\/posts\/607","targetHints":{"allow":["GET"]}}],"collection":[{"href":"https:\/\/sertv.gob.pa\/nacionalfm\/wp-json\/wp\/v2\/posts"}],"about":[{"href":"https:\/\/sertv.gob.pa\/nacionalfm\/wp-json\/wp\/v2\/types\/post"}],"author":[{"embeddable":true,"href":"https:\/\/sertv.gob.pa\/nacionalfm\/wp-json\/wp\/v2\/users\/1"}],"replies":[{"embeddable":true,"href":"https:\/\/sertv.gob.pa\/nacionalfm\/wp-json\/wp\/v2\/comments?post=607"}],"version-history":[{"count":0,"href":"https:\/\/sertv.gob.pa\/nacionalfm\/wp-json\/wp\/v2\/posts\/607\/revisions"}],"wp:featuredmedia":[{"embeddable":true,"href":"https:\/\/sertv.gob.pa\/nacionalfm\/wp-json\/wp\/v2\/media\/608"}],"wp:attachment":[{"href":"https:\/\/sertv.gob.pa\/nacionalfm\/wp-json\/wp\/v2\/media?parent=607"}],"wp:term":[{"taxonomy":"category","embeddable":true,"href":"https:\/\/sertv.gob.pa\/nacionalfm\/wp-json\/wp\/v2\/categories?post=607"},{"taxonomy":"post_tag","embeddable":true,"href":"https:\/\/sertv.gob.pa\/nacionalfm\/wp-json\/wp\/v2\/tags?post=607"}],"curies":[{"name":"wp","href":"https:\/\/api.w.org\/{rel}","templated":true}]}}