{"id":60817,"date":"2020-10-29T14:27:09","date_gmt":"2020-10-29T14:27:09","guid":{"rendered":"https:\/\/sertv.gob.pa\/nacionalfm\/?p=60817"},"modified":"2020-10-29T14:27:09","modified_gmt":"2020-10-29T14:27:09","slug":"con-la-utilizacion-del-sig-el-ministerio-de-educacion-de-panama-brinda-informacion-actualizada","status":"publish","type":"post","link":"https:\/\/sertv.gob.pa\/nacionalfm\/con-la-utilizacion-del-sig-el-ministerio-de-educacion-de-panama-brinda-informacion-actualizada\/","title":{"rendered":"Con la utilizaci\u00f3n del SIG, el Ministerio de Educaci\u00f3n de Panam\u00e1,  brinda informaci\u00f3n actualizada"},"content":{"rendered":"<p>Con utilizaci\u00f3n del Sistema de Informaci\u00f3n Geogr\u00e1fico (SIG), el Ministerio de Educaci\u00f3n de Panam\u00e1 (MEDUCA), pone a disposici\u00f3n del p\u00fablico en general, informaci\u00f3n en mapas con la ubicaci\u00f3n de las 3,245 escuelas oficiales que hay en el pa\u00eds, la cantidad de estudiantes en cada una y la distribuci\u00f3n de tablets en las comarcas ind\u00edgenas.<\/p>\n<p><strong>Los datos contenidos en el SIG, est\u00e1n disponibles para quienes los quieran consultar en la web <a href=\"http:\/\/www.meduca.gob.pa\" target=\"_blank\" rel=\"noopener\">www.meduca.gob.pa<\/a>, al ingresar debe dar click a la secci\u00f3n de \u2018Programas\u2019, luego entrar a \u2018Informaci\u00f3n Geogr\u00e1fica\u2019 y all\u00ed encontrar\u00e1 los datos mapeados en menci\u00f3n.<\/strong><\/p>\n<p>Las referencias de cada plantel en este programa, incluyen la regional de educaci\u00f3n a la que pertenece, su direcci\u00f3n f\u00edsica con las coordenadas en las que se encuentra, adem\u00e1s, fotos de su localizaci\u00f3n, entre otros elementos importantes.<\/p>\n<p>Para la creaci\u00f3n del sistema, explic\u00f3 el subdirector de Inform\u00e1tica, Carlos Mart\u00ednez, aunque lo administra el MEDUCA, se tuvo apoyo del Instituto Geogr\u00e1fico Nacional Tommy Guardia y consultas con el Servicio Nacional de Fronteras (SENAFRONT).<\/p>\n<p>Adem\u00e1s, para temas internos de la instituci\u00f3n, a trav\u00e9s de estos mapas, se puede conocer si en los colegios se construye una obra, si se hace mantenimiento, si sus estructuras tienen agua, electricidad (con paneles solares, por contrato o si es por medio de una planta el\u00e9ctrica) o si tienen conexi\u00f3n de internet.<\/p>\n<p>No obstante, otra ventaja del SIG, como revela Mart\u00ednez, es que con las coordenadas de la localizaci\u00f3n de una escuela en la comunidad de Sabaneta, en Santa Fe, al Norte de la provincia de Veraguas, se localizaron a dos ancianos contagiados con COVID-19 y se logr\u00f3 trasladarlos del \u00e1rea para que recibieran atenci\u00f3n m\u00e9dica.<\/p>\n<p>Por ahora, las cifras de alumnos en los centros escolares, son para uso interno y la actualizaci\u00f3n, se hace cada a\u00f1o. El sistema lleva un registro de la entrega de tablets, cuadernos en lengua dulegaya, folletos, gu\u00edas, calzados y zapatillas, incluso, de los alimentos que se han entregado con apoyo del Plan Colmena.<\/p>\n<p>Cabe mencionar, que funcionarios de la Direcci\u00f3n de Inform\u00e1tica, despacho bajo cuya responsabilidad trabaja el SIG, lo alimentan y actualizan cada d\u00eda, con informaci\u00f3n nueva que consiguen u obtienen de otras direcciones.<\/p>\n<p>&nbsp;<\/p>\n<p>Fuente: MEDUCA<\/p>\n","protected":false},"excerpt":{"rendered":"<p>Con utilizaci\u00f3n del Sistema de Informaci\u00f3n Geogr\u00e1fico (SIG), el Ministerio <a href=\"https:\/\/sertv.gob.pa\/nacionalfm\/con-la-utilizacion-del-sig-el-ministerio-de-educacion-de-panama-brinda-informacion-actualizada\/\"> [&#8230;]<\/a><\/p>\n","protected":false},"author":9,"featured_media":60818,"comment_status":"closed","ping_status":"closed","sticky":false,"template":"","format":"standard","meta":{"footnotes":""},"categories":[2],"tags":[],"class_list":["post-60817","post","type-post","status-publish","format-standard","has-post-thumbnail","hentry","category-nacionales"],"_links":{"self":[{"href":"https:\/\/sertv.gob.pa\/nacionalfm\/wp-json\/wp\/v2\/posts\/60817","targetHints":{"allow":["GET"]}}],"collection":[{"href":"https:\/\/sertv.gob.pa\/nacionalfm\/wp-json\/wp\/v2\/posts"}],"about":[{"href":"https:\/\/sertv.gob.pa\/nacionalfm\/wp-json\/wp\/v2\/types\/post"}],"author":[{"embeddable":true,"href":"https:\/\/sertv.gob.pa\/nacionalfm\/wp-json\/wp\/v2\/users\/9"}],"replies":[{"embeddable":true,"href":"https:\/\/sertv.gob.pa\/nacionalfm\/wp-json\/wp\/v2\/comments?post=60817"}],"version-history":[{"count":1,"href":"https:\/\/sertv.gob.pa\/nacionalfm\/wp-json\/wp\/v2\/posts\/60817\/revisions"}],"predecessor-version":[{"id":60821,"href":"https:\/\/sertv.gob.pa\/nacionalfm\/wp-json\/wp\/v2\/posts\/60817\/revisions\/60821"}],"wp:featuredmedia":[{"embeddable":true,"href":"https:\/\/sertv.gob.pa\/nacionalfm\/wp-json\/wp\/v2\/media\/60818"}],"wp:attachment":[{"href":"https:\/\/sertv.gob.pa\/nacionalfm\/wp-json\/wp\/v2\/media?parent=60817"}],"wp:term":[{"taxonomy":"category","embeddable":true,"href":"https:\/\/sertv.gob.pa\/nacionalfm\/wp-json\/wp\/v2\/categories?post=60817"},{"taxonomy":"post_tag","embeddable":true,"href":"https:\/\/sertv.gob.pa\/nacionalfm\/wp-json\/wp\/v2\/tags?post=60817"}],"curies":[{"name":"wp","href":"https:\/\/api.w.org\/{rel}","templated":true}]}}