{"id":6088,"date":"2015-07-01T16:12:55","date_gmt":"2015-07-01T16:12:55","guid":{"rendered":""},"modified":"2015-07-01T16:12:55","modified_gmt":"2015-07-01T16:12:55","slug":"eliminan-contagio-de-vih-y-sifilis","status":"publish","type":"post","link":"https:\/\/sertv.gob.pa\/nacionalfm\/eliminan-contagio-de-vih-y-sifilis\/","title":{"rendered":"Eliminan contagio de VIH y s\u00edfilis"},"content":{"rendered":"<p>\nEl ministro de Salud P\u00fablica de Cuba, Roberto Morales Ojeda, anunci\u00f3 en la sede de la Organizaci\u00f3n Panamericana de la Salud que su pa\u00eds elimin\u00f3 la transmisi\u00f3n del virus que causa el sida (VIH) y de la s\u00edfilis de madre a hijo. <\/p>\n<p> Margaret Chan, directora general de la Organizaci\u00f3n Mundial de la Salud, calific\u00f3 la eliminaci\u00f3n del virus como &ldquo;uno de los mayores logros posibles en la salud p\u00fablica&rdquo; y &ldquo;un paso importante hacia una generaci\u00f3n libre de sida&rdquo;.  <\/p>\n<p> Cuba elimin\u00f3 transmisi\u00f3n materno-fetal de VIH y s\u00edfilis  <\/p>\n<p>Cuba se convirti\u00f3 ayer en el primer pa\u00eds del mundo en recibir la validaci\u00f3n de la Organizaci\u00f3n Mundial de la Salud (OMS) por haber eliminado la transmisi\u00f3n de madre a hijo del VIH y la s\u00edfilis. <\/p>\n<p> Margaret Chan, directora general de la OMS, calific\u00f3 la eliminaci\u00f3n del virus como &ldquo;uno de los mayores logros posibles en la salud p\u00fablica&rdquo; y un paso importante hacia una generaci\u00f3n libre de sida.  <\/p>\n<p> La OMS comenz\u00f3 en 2010 a trabajar con Cuba y otros pa\u00edses del continente para alcanzar estas metas a trav\u00e9s de un plan que buscaba asegurar el acceso temprano a la atenci\u00f3n prenatal, las pruebas para detectar el VIH y la s\u00edfilis para las embarazadas y sus parejas y la sustituci\u00f3n de la lactancia materna para aquellas mujeres que daban positivo.  <\/p>\n<p> La transmisi\u00f3n de madre a hijo de estas enfermedades se considera eliminada cuando las tasas de infecci\u00f3n llegan a niveles tan bajos que ya dejan de ser problemas de salud p\u00fablica. En el caso del VIH, el par\u00e1metro es menos de 2 beb\u00e9s de cada 100 nacidos de mujeres con VIH. En el caso de la s\u00edfilis, la eliminaci\u00f3n se define como menos de un caso por cada 2 mil nacidos vivos.  <\/p>\n<p> El ministro cubano de Salud P\u00fablica, Roberto Morales, se\u00f1al\u00f3 que la validaci\u00f3n &ldquo;constituye un alto reconocimiento&rdquo; al sistema nacional de salud cubano. &ldquo;Lo logrado es posible por nuestro sistema de seguridad social y por la constante voluntad pol\u00edtica desde el m\u00e1s alto nivel, que permite a un pa\u00eds con escasos recursos financieros garantizar el derecho a la salud de todo un pueblo durante 57 a\u00f1os&rdquo;, agreg\u00f3 en la sede de la Organizaci\u00f3n Panamericana de la Salud (OPS).  <\/p>\n<p> La OPS, oficina regional para las Am\u00e9ricas de la OMS, dijo que en 2013 solo dos beb\u00e9s nacieron con VIH y tres con s\u00edfilis cong\u00e9nita en Cuba. En 2013, en Am\u00e9rica Latina y el Caribe nacieron 2 mil 324 ni\u00f1os con el virus, cifra que representa 5% de los beb\u00e9s que nacen en la regi\u00f3n de madres con VIH.  <\/p>\n<p>\u00a0 <\/p>\n","protected":false},"excerpt":{"rendered":"<p>El ministro de Salud P\u00fablica de Cuba, Roberto Morales Ojeda, <a href=\"https:\/\/sertv.gob.pa\/nacionalfm\/eliminan-contagio-de-vih-y-sifilis\/\"> [&#8230;]<\/a><\/p>\n","protected":false},"author":1,"featured_media":6089,"comment_status":"closed","ping_status":"closed","sticky":false,"template":"","format":"standard","meta":{"footnotes":""},"categories":[5],"tags":[],"class_list":["post-6088","post","type-post","status-publish","format-standard","has-post-thumbnail","hentry","category-salud"],"_links":{"self":[{"href":"https:\/\/sertv.gob.pa\/nacionalfm\/wp-json\/wp\/v2\/posts\/6088","targetHints":{"allow":["GET"]}}],"collection":[{"href":"https:\/\/sertv.gob.pa\/nacionalfm\/wp-json\/wp\/v2\/posts"}],"about":[{"href":"https:\/\/sertv.gob.pa\/nacionalfm\/wp-json\/wp\/v2\/types\/post"}],"author":[{"embeddable":true,"href":"https:\/\/sertv.gob.pa\/nacionalfm\/wp-json\/wp\/v2\/users\/1"}],"replies":[{"embeddable":true,"href":"https:\/\/sertv.gob.pa\/nacionalfm\/wp-json\/wp\/v2\/comments?post=6088"}],"version-history":[{"count":0,"href":"https:\/\/sertv.gob.pa\/nacionalfm\/wp-json\/wp\/v2\/posts\/6088\/revisions"}],"wp:featuredmedia":[{"embeddable":true,"href":"https:\/\/sertv.gob.pa\/nacionalfm\/wp-json\/wp\/v2\/media\/6089"}],"wp:attachment":[{"href":"https:\/\/sertv.gob.pa\/nacionalfm\/wp-json\/wp\/v2\/media?parent=6088"}],"wp:term":[{"taxonomy":"category","embeddable":true,"href":"https:\/\/sertv.gob.pa\/nacionalfm\/wp-json\/wp\/v2\/categories?post=6088"},{"taxonomy":"post_tag","embeddable":true,"href":"https:\/\/sertv.gob.pa\/nacionalfm\/wp-json\/wp\/v2\/tags?post=6088"}],"curies":[{"name":"wp","href":"https:\/\/api.w.org\/{rel}","templated":true}]}}