{"id":609,"date":"2014-07-29T05:00:00","date_gmt":"2014-07-29T05:00:00","guid":{"rendered":""},"modified":"2014-07-29T05:00:00","modified_gmt":"2014-07-29T05:00:00","slug":"aumenta-numero-de-contagios-de-vih-en-darien","status":"publish","type":"post","link":"https:\/\/sertv.gob.pa\/nacionalfm\/aumenta-numero-de-contagios-de-vih-en-darien\/","title":{"rendered":"Aumenta n\u00famero de contagios de VIH en Dari\u00e9n"},"content":{"rendered":"<p>\nUn incremento sorpresivo est\u00e1 registrando la estad\u00edstica de enfermedades de transmisi\u00f3n sexual en la provincia de Dari\u00e9n, en especial del virus de inmunodeficiencia adquirida (VIH). <\/p>\n<p>El coordinador del programa de Campa\u00f1as Educativas del Ministerio de Salud (Minsa), Anselmo Quintana, explica que este aumento se debe a que la poblaci\u00f3n no se est\u00e1 protegiendo como orienta el ministerio. <\/p>\n<p>Actualmente, indic\u00f3 que en Dari\u00e9n se atienden 71 pacientes con la infecci\u00f3n; sin embargo, los registros se\u00f1alan que en la ciudad capital se han atendido 264 casos de esta provincia y 27 de la comarca Ember\u00e1 Wounnan, lo que suma 362 que portan la enfermedad y a los que se les est\u00e1 tratando. <\/p>\n<p>Los pacientes de la comarca guna de Wargand\u00ed, en el distrito de Chepo, no se registran en Dari\u00e9n, porque se atienden en el hospital regional de este municipio. <\/p>\n<p>De los 71 pacientes atendidos en Dari\u00e9n, 34 son varones, 33 mujeres y cuatro ni\u00f1os.\u00a0 @nacionalFm <\/p>\n<p>\u00a0 <\/p>\n","protected":false},"excerpt":{"rendered":"<p>Un incremento sorpresivo est\u00e1 registrando la estad\u00edstica de enfermedades de <a href=\"https:\/\/sertv.gob.pa\/nacionalfm\/aumenta-numero-de-contagios-de-vih-en-darien\/\"> [&#8230;]<\/a><\/p>\n","protected":false},"author":1,"featured_media":610,"comment_status":"closed","ping_status":"closed","sticky":false,"template":"","format":"standard","meta":{"footnotes":""},"categories":[5],"tags":[],"class_list":["post-609","post","type-post","status-publish","format-standard","has-post-thumbnail","hentry","category-salud"],"_links":{"self":[{"href":"https:\/\/sertv.gob.pa\/nacionalfm\/wp-json\/wp\/v2\/posts\/609","targetHints":{"allow":["GET"]}}],"collection":[{"href":"https:\/\/sertv.gob.pa\/nacionalfm\/wp-json\/wp\/v2\/posts"}],"about":[{"href":"https:\/\/sertv.gob.pa\/nacionalfm\/wp-json\/wp\/v2\/types\/post"}],"author":[{"embeddable":true,"href":"https:\/\/sertv.gob.pa\/nacionalfm\/wp-json\/wp\/v2\/users\/1"}],"replies":[{"embeddable":true,"href":"https:\/\/sertv.gob.pa\/nacionalfm\/wp-json\/wp\/v2\/comments?post=609"}],"version-history":[{"count":0,"href":"https:\/\/sertv.gob.pa\/nacionalfm\/wp-json\/wp\/v2\/posts\/609\/revisions"}],"wp:featuredmedia":[{"embeddable":true,"href":"https:\/\/sertv.gob.pa\/nacionalfm\/wp-json\/wp\/v2\/media\/610"}],"wp:attachment":[{"href":"https:\/\/sertv.gob.pa\/nacionalfm\/wp-json\/wp\/v2\/media?parent=609"}],"wp:term":[{"taxonomy":"category","embeddable":true,"href":"https:\/\/sertv.gob.pa\/nacionalfm\/wp-json\/wp\/v2\/categories?post=609"},{"taxonomy":"post_tag","embeddable":true,"href":"https:\/\/sertv.gob.pa\/nacionalfm\/wp-json\/wp\/v2\/tags?post=609"}],"curies":[{"name":"wp","href":"https:\/\/api.w.org\/{rel}","templated":true}]}}