{"id":6090,"date":"2015-07-01T16:53:58","date_gmt":"2015-07-01T16:53:58","guid":{"rendered":""},"modified":"2015-07-01T16:53:58","modified_gmt":"2015-07-01T16:53:58","slug":"liberia-confirma-un-segundo-caso-de-ebola-tras-ser-declarado-libre-del-virus","status":"publish","type":"post","link":"https:\/\/sertv.gob.pa\/nacionalfm\/liberia-confirma-un-segundo-caso-de-ebola-tras-ser-declarado-libre-del-virus\/","title":{"rendered":"Liberia confirma segundo caso de \u00e9bola, tras ser declarado libre del virus"},"content":{"rendered":"<p>\n Las autoridades de Liberia confirmaron que se ha registrado un segundo caso de \u00e9bola en el pa\u00eds, que el pasado 9 de mayo fue formalmente declarado libre de esta enfermedad por la Organizaci\u00f3n Mundial de la Salud (OMS).  <\/p>\n<p> El viceministro de Sanidad, Tolbert Nyenswah, explic\u00f3 que el paciente infectado se encuentra ingresado en un centro especializado y que resid\u00eda en el estado de Margibi, donde la OMS confirm\u00f3 la muerte de un joven de 17 a\u00f1os que dio positivo en una prueba de \u00e9bola.  <\/p>\n<p> Las autoridades sanitarias liberianas ya han iniciado una investigaci\u00f3n para averiguar el origen de estas nuevas infecciones, aunque pidieron a la poblaci\u00f3n mantener la calma porque la situaci\u00f3n est\u00e1 \u00abbajo control\u00bb.  <\/p>\n<p> Como medida preventiva, Nyenswah se\u00f1al\u00f3 que se ha retomado el programa de lucha contra el virus que \u00e9l mismo dirigi\u00f3 durante la epidemia, que caus\u00f3 cerca de 4,600 muertos en el pa\u00eds.  <\/p>\n<p> Pero el temor ha invadido de nuevo a los liberianos, que todav\u00eda intentan recuperarse del sufrimiento y la devastaci\u00f3n social y econ\u00f3mica que provoc\u00f3 el \u00e9bola.  <\/p>\n<p> \u00ab(Las \u00faltimas noticias) me han hecho recordar las atrocidades que algunas personas sufrieron debido a la enfermedad\u00bb, dijo a Efe un liberiano de 66 a\u00f1os que viven en West Point, un suburbio de la capital.  <\/p>\n<p> Pese a que Liberia fue el pa\u00eds en el que m\u00e1s personas fallecieron durante la epidemia, tambi\u00e9n hab\u00eda sido el \u00fanico de los pa\u00edses afectados -junto a Sierra Leona y Guinea Conakry- donde la OMS hab\u00eda considerado que la situaci\u00f3n hab\u00eda sido totalmente superada, tras haber cumplido 42 d\u00edas sin ning\u00fan caso.  <\/p>\n<p> Pero casi dos meses despu\u00e9s de ser declarado oficialmente libre de \u00e9bola, la OMS ha anunciado que Liberia tendr\u00e1 que entrar nuevamente en una fase de 42 d\u00edas (el doble de los 21 d\u00edas de incubaci\u00f3n del virus) sin que se detecte ning\u00fan caso nuevo \u00abpara estar seguros de que no hay transmisi\u00f3n del virus\u00bb.  <\/p>\n<p> El virus se origin\u00f3 en diciembre de 2013 en una zona boscosa de Guinea, fronteriza con Liberia y Sierra Leona, por lo que r\u00e1pidamente traspas\u00f3 las porosas fronteras y se expandi\u00f3 entre los tres pa\u00edses, un contagio que hasta la fecha ha infectado a m\u00e1s de 27,000 personas, de las que m\u00e1s de 11,000 han fallecido.<br \/>\n\u00a0\u00a0  <\/p>\n","protected":false},"excerpt":{"rendered":"<p>Las autoridades de Liberia confirmaron que se ha registrado un <a href=\"https:\/\/sertv.gob.pa\/nacionalfm\/liberia-confirma-un-segundo-caso-de-ebola-tras-ser-declarado-libre-del-virus\/\"> [&#8230;]<\/a><\/p>\n","protected":false},"author":1,"featured_media":6091,"comment_status":"closed","ping_status":"closed","sticky":false,"template":"","format":"standard","meta":{"footnotes":""},"categories":[5],"tags":[],"class_list":["post-6090","post","type-post","status-publish","format-standard","has-post-thumbnail","hentry","category-salud"],"_links":{"self":[{"href":"https:\/\/sertv.gob.pa\/nacionalfm\/wp-json\/wp\/v2\/posts\/6090","targetHints":{"allow":["GET"]}}],"collection":[{"href":"https:\/\/sertv.gob.pa\/nacionalfm\/wp-json\/wp\/v2\/posts"}],"about":[{"href":"https:\/\/sertv.gob.pa\/nacionalfm\/wp-json\/wp\/v2\/types\/post"}],"author":[{"embeddable":true,"href":"https:\/\/sertv.gob.pa\/nacionalfm\/wp-json\/wp\/v2\/users\/1"}],"replies":[{"embeddable":true,"href":"https:\/\/sertv.gob.pa\/nacionalfm\/wp-json\/wp\/v2\/comments?post=6090"}],"version-history":[{"count":0,"href":"https:\/\/sertv.gob.pa\/nacionalfm\/wp-json\/wp\/v2\/posts\/6090\/revisions"}],"wp:featuredmedia":[{"embeddable":true,"href":"https:\/\/sertv.gob.pa\/nacionalfm\/wp-json\/wp\/v2\/media\/6091"}],"wp:attachment":[{"href":"https:\/\/sertv.gob.pa\/nacionalfm\/wp-json\/wp\/v2\/media?parent=6090"}],"wp:term":[{"taxonomy":"category","embeddable":true,"href":"https:\/\/sertv.gob.pa\/nacionalfm\/wp-json\/wp\/v2\/categories?post=6090"},{"taxonomy":"post_tag","embeddable":true,"href":"https:\/\/sertv.gob.pa\/nacionalfm\/wp-json\/wp\/v2\/tags?post=6090"}],"curies":[{"name":"wp","href":"https:\/\/api.w.org\/{rel}","templated":true}]}}