{"id":6100,"date":"2015-07-02T17:20:03","date_gmt":"2015-07-02T17:20:03","guid":{"rendered":""},"modified":"2015-07-02T17:20:03","modified_gmt":"2015-07-02T17:20:03","slug":"gobierno-contribuira-con-fondos-para-cirugias-cardiacas-y-cateterismos","status":"publish","type":"post","link":"https:\/\/sertv.gob.pa\/nacionalfm\/gobierno-contribuira-con-fondos-para-cirugias-cardiacas-y-cateterismos\/","title":{"rendered":"Gobierno contribuir\u00e1 con fondos para cirug\u00edas card\u00edacas y cateterismos"},"content":{"rendered":"<p>\nCon el prop\u00f3sito de externalizar las cirug\u00edas cardiovasculares y disminuir la mora quir\u00fargica que existe en el Complejo Hospitalario Arnulfo Arias Madrid de la Caja de Seguro Social (CSS), el Gobierno contribuir\u00e1 con $8 millones, seg\u00fan se pudo conocer. <\/p>\n<p>Cabe se\u00f1alar, que el costo para una cirug\u00eda card\u00edaca es de $50 mil, y para un cateterismo $17 mil en una cl\u00ednica privada. Por ello las autoridades de la CSS, indican que la mora quir\u00fargica cardiovascular registrada es por la falta de mantenimiento de los acondicionadores de aire. <\/p>\n<p>\u00a0 <\/p>\n","protected":false},"excerpt":{"rendered":"<p>Con el prop\u00f3sito de externalizar las cirug\u00edas cardiovasculares y disminuir <a href=\"https:\/\/sertv.gob.pa\/nacionalfm\/gobierno-contribuira-con-fondos-para-cirugias-cardiacas-y-cateterismos\/\"> [&#8230;]<\/a><\/p>\n","protected":false},"author":1,"featured_media":6101,"comment_status":"closed","ping_status":"closed","sticky":false,"template":"","format":"standard","meta":{"footnotes":""},"categories":[5],"tags":[],"class_list":["post-6100","post","type-post","status-publish","format-standard","has-post-thumbnail","hentry","category-salud"],"_links":{"self":[{"href":"https:\/\/sertv.gob.pa\/nacionalfm\/wp-json\/wp\/v2\/posts\/6100","targetHints":{"allow":["GET"]}}],"collection":[{"href":"https:\/\/sertv.gob.pa\/nacionalfm\/wp-json\/wp\/v2\/posts"}],"about":[{"href":"https:\/\/sertv.gob.pa\/nacionalfm\/wp-json\/wp\/v2\/types\/post"}],"author":[{"embeddable":true,"href":"https:\/\/sertv.gob.pa\/nacionalfm\/wp-json\/wp\/v2\/users\/1"}],"replies":[{"embeddable":true,"href":"https:\/\/sertv.gob.pa\/nacionalfm\/wp-json\/wp\/v2\/comments?post=6100"}],"version-history":[{"count":0,"href":"https:\/\/sertv.gob.pa\/nacionalfm\/wp-json\/wp\/v2\/posts\/6100\/revisions"}],"wp:featuredmedia":[{"embeddable":true,"href":"https:\/\/sertv.gob.pa\/nacionalfm\/wp-json\/wp\/v2\/media\/6101"}],"wp:attachment":[{"href":"https:\/\/sertv.gob.pa\/nacionalfm\/wp-json\/wp\/v2\/media?parent=6100"}],"wp:term":[{"taxonomy":"category","embeddable":true,"href":"https:\/\/sertv.gob.pa\/nacionalfm\/wp-json\/wp\/v2\/categories?post=6100"},{"taxonomy":"post_tag","embeddable":true,"href":"https:\/\/sertv.gob.pa\/nacionalfm\/wp-json\/wp\/v2\/tags?post=6100"}],"curies":[{"name":"wp","href":"https:\/\/api.w.org\/{rel}","templated":true}]}}