{"id":611,"date":"2014-07-29T05:00:00","date_gmt":"2014-07-29T05:00:00","guid":{"rendered":""},"modified":"2014-07-29T05:00:00","modified_gmt":"2014-07-29T05:00:00","slug":"rescatistas-del-11-s-sufren-de-cancer","status":"publish","type":"post","link":"https:\/\/sertv.gob.pa\/nacionalfm\/rescatistas-del-11-s-sufren-de-cancer\/","title":{"rendered":"Rescatistas del 11-S sufren de c\u00e1ncer"},"content":{"rendered":"<p>\nSeg\u00fan datos publicados por el diario New York Post, m\u00e1s de 2,500 personas que intervinieron en las tareas de rescate de los atentados del 11 de septiembre de 2001 en Nueva York, EE.UU., sufren o han sufrido c\u00e1ncer. <\/p>\n<p>De ellos, 1,655 son polic\u00edas, m\u00e9dicos, empleados de la ciudad y voluntarios contabilizados por un programa especial del hospital Monte Sina\u00ed, parte de los alrededor de 37,000 que trabajaron para responder a la tragedia. <\/p>\n<p>Mientras, otros 863 casos se registraron en empleados del Departamento de Bomberos, que cuenta con su propio programa. <\/p>\n<p>Seg\u00fan varios estudios, las personas que trabajaron en la respuesta a la tragedia han sufrido varios tipos de c\u00e1ncer, de pr\u00f3stata, de tiroides y leucemia, entre otros, en una proporci\u00f3n significativamente superior a la poblaci\u00f3n normal. <\/p>\n<p>Otros aseguran que la relaci\u00f3n entre las v\u00edctimas de c\u00e1ncer y el 11-S todav\u00eda no puede probarse.\u00a0 @nacionalFm <\/p>\n<p>\u00a0 <\/p>\n","protected":false},"excerpt":{"rendered":"<p>Seg\u00fan datos publicados por el diario New York Post, m\u00e1s <a href=\"https:\/\/sertv.gob.pa\/nacionalfm\/rescatistas-del-11-s-sufren-de-cancer\/\"> [&#8230;]<\/a><\/p>\n","protected":false},"author":1,"featured_media":612,"comment_status":"closed","ping_status":"closed","sticky":false,"template":"","format":"standard","meta":{"footnotes":""},"categories":[5],"tags":[],"class_list":["post-611","post","type-post","status-publish","format-standard","has-post-thumbnail","hentry","category-salud"],"_links":{"self":[{"href":"https:\/\/sertv.gob.pa\/nacionalfm\/wp-json\/wp\/v2\/posts\/611","targetHints":{"allow":["GET"]}}],"collection":[{"href":"https:\/\/sertv.gob.pa\/nacionalfm\/wp-json\/wp\/v2\/posts"}],"about":[{"href":"https:\/\/sertv.gob.pa\/nacionalfm\/wp-json\/wp\/v2\/types\/post"}],"author":[{"embeddable":true,"href":"https:\/\/sertv.gob.pa\/nacionalfm\/wp-json\/wp\/v2\/users\/1"}],"replies":[{"embeddable":true,"href":"https:\/\/sertv.gob.pa\/nacionalfm\/wp-json\/wp\/v2\/comments?post=611"}],"version-history":[{"count":0,"href":"https:\/\/sertv.gob.pa\/nacionalfm\/wp-json\/wp\/v2\/posts\/611\/revisions"}],"wp:featuredmedia":[{"embeddable":true,"href":"https:\/\/sertv.gob.pa\/nacionalfm\/wp-json\/wp\/v2\/media\/612"}],"wp:attachment":[{"href":"https:\/\/sertv.gob.pa\/nacionalfm\/wp-json\/wp\/v2\/media?parent=611"}],"wp:term":[{"taxonomy":"category","embeddable":true,"href":"https:\/\/sertv.gob.pa\/nacionalfm\/wp-json\/wp\/v2\/categories?post=611"},{"taxonomy":"post_tag","embeddable":true,"href":"https:\/\/sertv.gob.pa\/nacionalfm\/wp-json\/wp\/v2\/tags?post=611"}],"curies":[{"name":"wp","href":"https:\/\/api.w.org\/{rel}","templated":true}]}}