{"id":6112,"date":"2015-07-03T14:19:40","date_gmt":"2015-07-03T14:19:40","guid":{"rendered":""},"modified":"2015-07-03T14:19:40","modified_gmt":"2015-07-03T14:19:40","slug":"se-eleva-a-15-las-personas-afectadas-por-virus-hanta-en-la-provincia-de-los-santos","status":"publish","type":"post","link":"https:\/\/sertv.gob.pa\/nacionalfm\/se-eleva-a-15-las-personas-afectadas-por-virus-hanta-en-la-provincia-de-los-santos\/","title":{"rendered":"Se incrementa cifra de personas afectadas por virus hanta en Los Santos"},"content":{"rendered":"<p>\nDel Valle de Tonos\u00ed, es oriunda la joven de 18 a\u00f1os, quien se result\u00f3 ser la paciente n\u00famero 15 infectada por el virus hanta en la provincia de Los Santos en lo que transcurre del 2015. <\/p>\n<p>Al respecto, Nahir Cede\u00f1o, directora regional del Ministerio de Salud (MINSA), notific\u00f3 que la afectada fue atendida en el hospital de Tonos\u00ed, con s\u00edntomas de fiebre por virus hanta. A\u00f1adi\u00f3 que en 2014 se registraron 25 casos, y que se espera que este a\u00f1o, con la orientaci\u00f3n dada a los moradores, baje la estad\u00edstica epidemiol\u00f3gica. <\/p>\n<p>\u00a0 <\/p>\n","protected":false},"excerpt":{"rendered":"<p>Del Valle de Tonos\u00ed, es oriunda la joven de 18 <a href=\"https:\/\/sertv.gob.pa\/nacionalfm\/se-eleva-a-15-las-personas-afectadas-por-virus-hanta-en-la-provincia-de-los-santos\/\"> [&#8230;]<\/a><\/p>\n","protected":false},"author":1,"featured_media":6113,"comment_status":"closed","ping_status":"closed","sticky":false,"template":"","format":"standard","meta":{"footnotes":""},"categories":[5],"tags":[],"class_list":["post-6112","post","type-post","status-publish","format-standard","has-post-thumbnail","hentry","category-salud"],"_links":{"self":[{"href":"https:\/\/sertv.gob.pa\/nacionalfm\/wp-json\/wp\/v2\/posts\/6112","targetHints":{"allow":["GET"]}}],"collection":[{"href":"https:\/\/sertv.gob.pa\/nacionalfm\/wp-json\/wp\/v2\/posts"}],"about":[{"href":"https:\/\/sertv.gob.pa\/nacionalfm\/wp-json\/wp\/v2\/types\/post"}],"author":[{"embeddable":true,"href":"https:\/\/sertv.gob.pa\/nacionalfm\/wp-json\/wp\/v2\/users\/1"}],"replies":[{"embeddable":true,"href":"https:\/\/sertv.gob.pa\/nacionalfm\/wp-json\/wp\/v2\/comments?post=6112"}],"version-history":[{"count":0,"href":"https:\/\/sertv.gob.pa\/nacionalfm\/wp-json\/wp\/v2\/posts\/6112\/revisions"}],"wp:featuredmedia":[{"embeddable":true,"href":"https:\/\/sertv.gob.pa\/nacionalfm\/wp-json\/wp\/v2\/media\/6113"}],"wp:attachment":[{"href":"https:\/\/sertv.gob.pa\/nacionalfm\/wp-json\/wp\/v2\/media?parent=6112"}],"wp:term":[{"taxonomy":"category","embeddable":true,"href":"https:\/\/sertv.gob.pa\/nacionalfm\/wp-json\/wp\/v2\/categories?post=6112"},{"taxonomy":"post_tag","embeddable":true,"href":"https:\/\/sertv.gob.pa\/nacionalfm\/wp-json\/wp\/v2\/tags?post=6112"}],"curies":[{"name":"wp","href":"https:\/\/api.w.org\/{rel}","templated":true}]}}