{"id":615,"date":"2014-07-29T05:00:00","date_gmt":"2014-07-29T05:00:00","guid":{"rendered":""},"modified":"2014-07-29T05:00:00","modified_gmt":"2014-07-29T05:00:00","slug":"la-hepatitis-mata-tanto-como-el-sida","status":"publish","type":"post","link":"https:\/\/sertv.gob.pa\/nacionalfm\/la-hepatitis-mata-tanto-como-el-sida\/","title":{"rendered":"La hepatitis mata tanto como el Sida"},"content":{"rendered":"<p>\nLa hepatitis es una enfermedad que mata casi tanto como el sida, con unos 1,4 millones de muertos cada a\u00f1o, anunciaron \u00a0en Ginebra varios expertos de la Organizaci\u00f3n Mundial de la Salud (OMS). <\/p>\n<p>Con motivo del D\u00eda Mundial contra la Hepatitis, agendado el 28 de julio de cada a\u00f1o, los expertos afirmaron que esta enfermedad, que puede provocar c\u00e1ncer, puede combatirse. <\/p>\n<p>Un total de 1,5 millones de personas fallecieron como consecuencia del sida en 2013. De los 1,4 millones de personas muertas por la enfermedad, el 90% hab\u00eda contra\u00eddo hepatitis B y C.\u00a0 @nacionalFm <\/p>\n<p>\u00a0 <\/p>\n","protected":false},"excerpt":{"rendered":"<p>La hepatitis es una enfermedad que mata casi tanto como <a href=\"https:\/\/sertv.gob.pa\/nacionalfm\/la-hepatitis-mata-tanto-como-el-sida\/\"> [&#8230;]<\/a><\/p>\n","protected":false},"author":1,"featured_media":616,"comment_status":"closed","ping_status":"closed","sticky":false,"template":"","format":"standard","meta":{"footnotes":""},"categories":[5],"tags":[],"class_list":["post-615","post","type-post","status-publish","format-standard","has-post-thumbnail","hentry","category-salud"],"_links":{"self":[{"href":"https:\/\/sertv.gob.pa\/nacionalfm\/wp-json\/wp\/v2\/posts\/615","targetHints":{"allow":["GET"]}}],"collection":[{"href":"https:\/\/sertv.gob.pa\/nacionalfm\/wp-json\/wp\/v2\/posts"}],"about":[{"href":"https:\/\/sertv.gob.pa\/nacionalfm\/wp-json\/wp\/v2\/types\/post"}],"author":[{"embeddable":true,"href":"https:\/\/sertv.gob.pa\/nacionalfm\/wp-json\/wp\/v2\/users\/1"}],"replies":[{"embeddable":true,"href":"https:\/\/sertv.gob.pa\/nacionalfm\/wp-json\/wp\/v2\/comments?post=615"}],"version-history":[{"count":0,"href":"https:\/\/sertv.gob.pa\/nacionalfm\/wp-json\/wp\/v2\/posts\/615\/revisions"}],"wp:featuredmedia":[{"embeddable":true,"href":"https:\/\/sertv.gob.pa\/nacionalfm\/wp-json\/wp\/v2\/media\/616"}],"wp:attachment":[{"href":"https:\/\/sertv.gob.pa\/nacionalfm\/wp-json\/wp\/v2\/media?parent=615"}],"wp:term":[{"taxonomy":"category","embeddable":true,"href":"https:\/\/sertv.gob.pa\/nacionalfm\/wp-json\/wp\/v2\/categories?post=615"},{"taxonomy":"post_tag","embeddable":true,"href":"https:\/\/sertv.gob.pa\/nacionalfm\/wp-json\/wp\/v2\/tags?post=615"}],"curies":[{"name":"wp","href":"https:\/\/api.w.org\/{rel}","templated":true}]}}