{"id":6158,"date":"2015-07-08T13:48:00","date_gmt":"2015-07-08T13:48:00","guid":{"rendered":""},"modified":"2015-07-08T13:48:00","modified_gmt":"2015-07-08T13:48:00","slug":"surge-nueva-generacion-de-profesionales-de-la-enfermeria","status":"publish","type":"post","link":"https:\/\/sertv.gob.pa\/nacionalfm\/surge-nueva-generacion-de-profesionales-de-la-enfermeria\/","title":{"rendered":"Surge nueva generaci\u00f3n de profesionales de la Enfermer\u00eda"},"content":{"rendered":"<p>\nRecientemente, correspondi\u00f3 al Ministro de Salud Dr. Francisco Javier Terrientes, dar la bienvenida a 80 nuevas enfermeras y enfermeros de\u00a0\u00a0la promoci\u00f3n 2014 &ndash; 2015 de la Facultad de Enfermer\u00eda de la Universidad de Panam\u00e1, quienes ser\u00e1n asignadas al Ministerio de Salud y a la Caja de Seguro Social. <\/p>\n<p>Al momento de la bienvenida de estas profesionales se llev\u00f3 a cabo una reuni\u00f3n de coordinaci\u00f3n con el Ministro de Salud, Dr. Francisco Javier Terrientes, quien coadyuv\u00f3 a una mejor distribuci\u00f3n de los\u00a0\u00a0profesionales de enfermer\u00eda de modo tal que trabajen en los sitios en donde se observa un mayor d\u00e9ficit de enfermeras.\u00a0 En este momento, se estima este d\u00e9ficit en 65% aproximadamente 360 enfermeras hacen falta en instalaciones del MINSA. <\/p>\n<p>Durante la actividad, la Jefa Nacional de Enfermer\u00eda, Eusebia Copete, les dio unas palabras a los graduandos y les dijo: &ldquo;  lo primero es entender que ahora forman parte del equipo de salud, que su trabajo es muy valioso tanto en la ciudad, como en \u00e1reas apartadas  &rdquo;, concluy\u00f3 Miss Copete.\u00a0 De este grupo 2 Enfermeras fueron asignadas al Dari\u00e9n en zonas de dif\u00edcil acceso. <\/p>\n<p>En este caso, en forma general, se trata de 80 j\u00f3venes, 10 hombres y 70 mujeres, que juraron\u00a0solemnemente ante Dios llevar una vida digna y ejercer la profesi\u00f3n honradamente.\u00a0  &ldquo;Me abstendr\u00e9 de todo cuanto sea nocivo o da\u00f1ino, y no tomar\u00e9 ni suministrar\u00e9 cualquier substancia o   producto que sea perjudicial para la salud&rdquo; , reza parte del juramento de los profesionales de enfermer\u00eda. <\/p>\n<p>Durante la presentaci\u00f3n de los enfermeros y enfermeras, se efectu\u00f3 una jornada desayuno taller con los temas: <\/p>\n<p>\u00b7\u00a0 Rol del Ministerio de Salud <\/p>\n<p>\u00b7\u00a0 Valores \u00e9ticos morales de la Enfermera profesional en la atenci\u00f3n del paciente <\/p>\n<p>\u00b7\u00a0 Reforzamiento Laboral en las Instituciones <\/p>\n<p>En esta actividad el objetivo es reforzar los valores \u00e9ticos y morales que sustentan la labor de la Enfermera profesional, con la finalidad de dotar a la poblaci\u00f3n del mejor recurso humano, comprometido con los principios de humanismo,\u00a0 equidad y calidad para cumplir con el Derecho a la Salud de todos y todas. <\/p>\n<p>\u00a0 <\/p>\n","protected":false},"excerpt":{"rendered":"<p>Recientemente, correspondi\u00f3 al Ministro de Salud Dr. Francisco Javier Terrientes, <a href=\"https:\/\/sertv.gob.pa\/nacionalfm\/surge-nueva-generacion-de-profesionales-de-la-enfermeria\/\"> [&#8230;]<\/a><\/p>\n","protected":false},"author":1,"featured_media":6159,"comment_status":"closed","ping_status":"closed","sticky":false,"template":"","format":"standard","meta":{"footnotes":""},"categories":[5],"tags":[],"class_list":["post-6158","post","type-post","status-publish","format-standard","has-post-thumbnail","hentry","category-salud"],"_links":{"self":[{"href":"https:\/\/sertv.gob.pa\/nacionalfm\/wp-json\/wp\/v2\/posts\/6158","targetHints":{"allow":["GET"]}}],"collection":[{"href":"https:\/\/sertv.gob.pa\/nacionalfm\/wp-json\/wp\/v2\/posts"}],"about":[{"href":"https:\/\/sertv.gob.pa\/nacionalfm\/wp-json\/wp\/v2\/types\/post"}],"author":[{"embeddable":true,"href":"https:\/\/sertv.gob.pa\/nacionalfm\/wp-json\/wp\/v2\/users\/1"}],"replies":[{"embeddable":true,"href":"https:\/\/sertv.gob.pa\/nacionalfm\/wp-json\/wp\/v2\/comments?post=6158"}],"version-history":[{"count":0,"href":"https:\/\/sertv.gob.pa\/nacionalfm\/wp-json\/wp\/v2\/posts\/6158\/revisions"}],"wp:featuredmedia":[{"embeddable":true,"href":"https:\/\/sertv.gob.pa\/nacionalfm\/wp-json\/wp\/v2\/media\/6159"}],"wp:attachment":[{"href":"https:\/\/sertv.gob.pa\/nacionalfm\/wp-json\/wp\/v2\/media?parent=6158"}],"wp:term":[{"taxonomy":"category","embeddable":true,"href":"https:\/\/sertv.gob.pa\/nacionalfm\/wp-json\/wp\/v2\/categories?post=6158"},{"taxonomy":"post_tag","embeddable":true,"href":"https:\/\/sertv.gob.pa\/nacionalfm\/wp-json\/wp\/v2\/tags?post=6158"}],"curies":[{"name":"wp","href":"https:\/\/api.w.org\/{rel}","templated":true}]}}