{"id":6166,"date":"2015-07-08T15:26:09","date_gmt":"2015-07-08T15:26:09","guid":{"rendered":""},"modified":"2015-07-08T15:26:09","modified_gmt":"2015-07-08T15:26:09","slug":"en-la-policlinica-de-arraijan-se-ofrece-servicio-de-fonoaudiologia","status":"publish","type":"post","link":"https:\/\/sertv.gob.pa\/nacionalfm\/en-la-policlinica-de-arraijan-se-ofrece-servicio-de-fonoaudiologia\/","title":{"rendered":"En la policl\u00ednica de Arraij\u00e1n se ofrece servicio de fonoaudiolog\u00eda"},"content":{"rendered":"<p>\nSeg\u00fan la fonoaudi\u00f3loga Mar\u00eda Mondrag\u00f3n, el servicio de fonoaudiolog\u00eda de la policl\u00ednica Blas Daniel G\u00f3mez Chetro, en Arraij\u00e1n, brinda atenci\u00f3n humanizada a pacientes que presenten disfunciones o patolog\u00edas que impidan o perturben el desarrollo de la comunicaci\u00f3n humana. <\/p>\n<p>De acuerdo a la especialista este servicio brinda apoyo a los programas de salud en la detecci\u00f3n temprana de alteraciones de las funciones de la voz, habla, lenguaje, audici\u00f3n, trastornos en la degluci\u00f3n y el equilibrio, de importancia para trabajar en la prevenci\u00f3n terap\u00e9utica y rehabilitaci\u00f3n de los trastornos. <\/p>\n<p>De igual modo comunic\u00f3, que se lleva a la pr\u00e1ctica la prueba de tamizaje auditivo a trav\u00e9s de Emisiones Otoac\u00fasticas Diagn\u00f3sticas (EOA), para determinar la integralidad de la unidad auditiva, que va desde el o\u00eddo interno hasta la corteza auditiva cerebral y evaluar la respuesta del o\u00eddo interno al sonido. <\/p>\n<p>Cabe recordar, que el servicio de fonoaudiolog\u00eda es brindado de lunes a viernes, de 7:00 a.m. a 3:00 p.m., por las licenciadas Hilda Bustamante y Mar\u00eda C. Mondrag\u00f3n <\/p>\n<p>\u00a0 <\/p>\n","protected":false},"excerpt":{"rendered":"<p>Seg\u00fan la fonoaudi\u00f3loga Mar\u00eda Mondrag\u00f3n, el servicio de fonoaudiolog\u00eda de <a href=\"https:\/\/sertv.gob.pa\/nacionalfm\/en-la-policlinica-de-arraijan-se-ofrece-servicio-de-fonoaudiologia\/\"> [&#8230;]<\/a><\/p>\n","protected":false},"author":1,"featured_media":6167,"comment_status":"closed","ping_status":"closed","sticky":false,"template":"","format":"standard","meta":{"footnotes":""},"categories":[5],"tags":[],"class_list":["post-6166","post","type-post","status-publish","format-standard","has-post-thumbnail","hentry","category-salud"],"_links":{"self":[{"href":"https:\/\/sertv.gob.pa\/nacionalfm\/wp-json\/wp\/v2\/posts\/6166","targetHints":{"allow":["GET"]}}],"collection":[{"href":"https:\/\/sertv.gob.pa\/nacionalfm\/wp-json\/wp\/v2\/posts"}],"about":[{"href":"https:\/\/sertv.gob.pa\/nacionalfm\/wp-json\/wp\/v2\/types\/post"}],"author":[{"embeddable":true,"href":"https:\/\/sertv.gob.pa\/nacionalfm\/wp-json\/wp\/v2\/users\/1"}],"replies":[{"embeddable":true,"href":"https:\/\/sertv.gob.pa\/nacionalfm\/wp-json\/wp\/v2\/comments?post=6166"}],"version-history":[{"count":0,"href":"https:\/\/sertv.gob.pa\/nacionalfm\/wp-json\/wp\/v2\/posts\/6166\/revisions"}],"wp:featuredmedia":[{"embeddable":true,"href":"https:\/\/sertv.gob.pa\/nacionalfm\/wp-json\/wp\/v2\/media\/6167"}],"wp:attachment":[{"href":"https:\/\/sertv.gob.pa\/nacionalfm\/wp-json\/wp\/v2\/media?parent=6166"}],"wp:term":[{"taxonomy":"category","embeddable":true,"href":"https:\/\/sertv.gob.pa\/nacionalfm\/wp-json\/wp\/v2\/categories?post=6166"},{"taxonomy":"post_tag","embeddable":true,"href":"https:\/\/sertv.gob.pa\/nacionalfm\/wp-json\/wp\/v2\/tags?post=6166"}],"curies":[{"name":"wp","href":"https:\/\/api.w.org\/{rel}","templated":true}]}}