{"id":6168,"date":"2015-07-08T15:57:42","date_gmt":"2015-07-08T15:57:42","guid":{"rendered":""},"modified":"2015-07-08T15:57:42","modified_gmt":"2015-07-08T15:57:42","slug":"jornada-de-salud-realiza-ulaps-de-las-cumbres","status":"publish","type":"post","link":"https:\/\/sertv.gob.pa\/nacionalfm\/jornada-de-salud-realiza-ulaps-de-las-cumbres\/","title":{"rendered":"Jornada de salud realiza ULAPS de Las Cumbres"},"content":{"rendered":"<p>\nRecientemente, el equipo de salud del programa Escolar de la Unidad Local de Atenci\u00f3n Primaria en Salud (ULAPS), Edilberto Culiolis, de la Caja de Seguro Social, llevaron a cabo la evaluaci\u00f3n de las habilidades psicomotoras, de los \u00a0estudiantes de la escuela Rep\u00fablica de la India en Las Cumbres. <\/p>\n<p>De esta manera, faenas como: la medici\u00f3n de peso y talla, salud bucal, revisi\u00f3n de aspectos f\u00edsicos como la vista, higiene, piel y otros conocimientos b\u00e1sicos como definici\u00f3n de colores, tama\u00f1os y formas, fueron parte de las evaluaciones que se realizaron a ni\u00f1os y ni\u00f1as de este plantel educativo. <\/p>\n","protected":false},"excerpt":{"rendered":"<p>Recientemente, el equipo de salud del programa Escolar de la <a href=\"https:\/\/sertv.gob.pa\/nacionalfm\/jornada-de-salud-realiza-ulaps-de-las-cumbres\/\"> [&#8230;]<\/a><\/p>\n","protected":false},"author":1,"featured_media":6169,"comment_status":"closed","ping_status":"closed","sticky":false,"template":"","format":"standard","meta":{"footnotes":""},"categories":[5],"tags":[],"class_list":["post-6168","post","type-post","status-publish","format-standard","has-post-thumbnail","hentry","category-salud"],"_links":{"self":[{"href":"https:\/\/sertv.gob.pa\/nacionalfm\/wp-json\/wp\/v2\/posts\/6168","targetHints":{"allow":["GET"]}}],"collection":[{"href":"https:\/\/sertv.gob.pa\/nacionalfm\/wp-json\/wp\/v2\/posts"}],"about":[{"href":"https:\/\/sertv.gob.pa\/nacionalfm\/wp-json\/wp\/v2\/types\/post"}],"author":[{"embeddable":true,"href":"https:\/\/sertv.gob.pa\/nacionalfm\/wp-json\/wp\/v2\/users\/1"}],"replies":[{"embeddable":true,"href":"https:\/\/sertv.gob.pa\/nacionalfm\/wp-json\/wp\/v2\/comments?post=6168"}],"version-history":[{"count":0,"href":"https:\/\/sertv.gob.pa\/nacionalfm\/wp-json\/wp\/v2\/posts\/6168\/revisions"}],"wp:featuredmedia":[{"embeddable":true,"href":"https:\/\/sertv.gob.pa\/nacionalfm\/wp-json\/wp\/v2\/media\/6169"}],"wp:attachment":[{"href":"https:\/\/sertv.gob.pa\/nacionalfm\/wp-json\/wp\/v2\/media?parent=6168"}],"wp:term":[{"taxonomy":"category","embeddable":true,"href":"https:\/\/sertv.gob.pa\/nacionalfm\/wp-json\/wp\/v2\/categories?post=6168"},{"taxonomy":"post_tag","embeddable":true,"href":"https:\/\/sertv.gob.pa\/nacionalfm\/wp-json\/wp\/v2\/tags?post=6168"}],"curies":[{"name":"wp","href":"https:\/\/api.w.org\/{rel}","templated":true}]}}