{"id":6206,"date":"2015-07-10T15:50:48","date_gmt":"2015-07-10T15:50:48","guid":{"rendered":""},"modified":"2015-07-10T15:50:48","modified_gmt":"2015-07-10T15:50:48","slug":"realizan-foro-enfocado-en-la-salud-y-seguridad-social","status":"publish","type":"post","link":"https:\/\/sertv.gob.pa\/nacionalfm\/realizan-foro-enfocado-en-la-salud-y-seguridad-social\/","title":{"rendered":"Realizan foro enfocado en la Salud y Seguridad Social"},"content":{"rendered":"<p>\nEn fecha reciente, grupos representativos de la sociedad civil y autoridades del gobierno se reunieron, en el auditorio del hospital Santo Tomas con el objetivo de discutir, analizar y proponer alternativas que garanticen el derecho universal a la salud y seguridad social a todos los paname\u00f1os. <\/p>\n<p>Este encuentro, que fue convocado por la Sociedad Paname\u00f1a de Salud P\u00fablica a trav\u00e9s del Primer Foro de Salud y Seguridad Social, pretende crear un espacio de reflexi\u00f3n y discusi\u00f3n que contribuya en el proceso de construcci\u00f3n de un sistema fundamentado en el derecho universal a la salud y a la seguridad social como elementos indispensables para el desarrollo econ\u00f3mico y social sostenible del pa\u00eds, explic\u00f3 su presidente, Dr. Claude Betts. <\/p>\n<p>Recalc\u00f3 que adem\u00e1s de estos derechos, durante el Foro se discutir\u00e1n otros temas que incluyen el agua y alimentaci\u00f3n en cantidad y seguridad compatibles con la salud y la vida, aire libre de contaminante, trabajo digno y seguro, vivienda y espacios p\u00fablicos adecuados, transporte eficiente y seguridad p\u00fablica efectiva. <\/p>\n<p>Por otra parte, el Dr. Estivenson Gir\u00f3n, como m\u00e1xima autoridad de la Caja de Seguro Social, manifest\u00f3 que con el aporte de ideas de los distintos gremios y asociaciones que participan en el Foro, se podr\u00e1 tener un panorama m\u00e1s claro hacia d\u00f3nde debe encaminarse la pol\u00edtica de salud y seguridad social que permita ofrecerle al ciudadano una mejor calidad de vida y un desarrollo sostenible a la naci\u00f3n. <\/p>\n<p>Cabe resaltar, que a este evento, el cual se desarrollar\u00e1 hasta el 11 de julio, se est\u00e1n dando cita figuras como el Dr. Domingo Moreno, de Comenenal, Dr. Alfredo Macharaviaya, presidente del Colegio M\u00e9dico, Lcda. Lidia Espinosa, presidenta de la Asociaci\u00f3n de Enfermer\u00eda y la honorable diputada Ana Matilde G\u00f3mez, entre otros.\u00a0 <\/p>\n<p>\u00a0 <\/p>\n","protected":false},"excerpt":{"rendered":"<p>En fecha reciente, grupos representativos de la sociedad civil y <a href=\"https:\/\/sertv.gob.pa\/nacionalfm\/realizan-foro-enfocado-en-la-salud-y-seguridad-social\/\"> [&#8230;]<\/a><\/p>\n","protected":false},"author":1,"featured_media":6207,"comment_status":"closed","ping_status":"closed","sticky":false,"template":"","format":"standard","meta":{"footnotes":""},"categories":[5],"tags":[],"class_list":["post-6206","post","type-post","status-publish","format-standard","has-post-thumbnail","hentry","category-salud"],"_links":{"self":[{"href":"https:\/\/sertv.gob.pa\/nacionalfm\/wp-json\/wp\/v2\/posts\/6206","targetHints":{"allow":["GET"]}}],"collection":[{"href":"https:\/\/sertv.gob.pa\/nacionalfm\/wp-json\/wp\/v2\/posts"}],"about":[{"href":"https:\/\/sertv.gob.pa\/nacionalfm\/wp-json\/wp\/v2\/types\/post"}],"author":[{"embeddable":true,"href":"https:\/\/sertv.gob.pa\/nacionalfm\/wp-json\/wp\/v2\/users\/1"}],"replies":[{"embeddable":true,"href":"https:\/\/sertv.gob.pa\/nacionalfm\/wp-json\/wp\/v2\/comments?post=6206"}],"version-history":[{"count":0,"href":"https:\/\/sertv.gob.pa\/nacionalfm\/wp-json\/wp\/v2\/posts\/6206\/revisions"}],"wp:featuredmedia":[{"embeddable":true,"href":"https:\/\/sertv.gob.pa\/nacionalfm\/wp-json\/wp\/v2\/media\/6207"}],"wp:attachment":[{"href":"https:\/\/sertv.gob.pa\/nacionalfm\/wp-json\/wp\/v2\/media?parent=6206"}],"wp:term":[{"taxonomy":"category","embeddable":true,"href":"https:\/\/sertv.gob.pa\/nacionalfm\/wp-json\/wp\/v2\/categories?post=6206"},{"taxonomy":"post_tag","embeddable":true,"href":"https:\/\/sertv.gob.pa\/nacionalfm\/wp-json\/wp\/v2\/tags?post=6206"}],"curies":[{"name":"wp","href":"https:\/\/api.w.org\/{rel}","templated":true}]}}