{"id":62212,"date":"2020-11-27T17:55:26","date_gmt":"2020-11-27T17:55:26","guid":{"rendered":"https:\/\/sertv.gob.pa\/nacionalfm\/?p=62212"},"modified":"2020-11-27T18:09:22","modified_gmt":"2020-11-27T18:09:22","slug":"autoridad-de-salud-inaugura-cocyt-en-dolega","status":"publish","type":"post","link":"https:\/\/sertv.gob.pa\/nacionalfm\/autoridad-de-salud-inaugura-cocyt-en-dolega\/","title":{"rendered":"Autoridad de Salud, inaugura COCYT, en Dolega"},"content":{"rendered":"<p>El Centro de Operaciones de Control y Trazabilidad Comunitaria (COCYTC) del MINSA-Capsi de Dolega, realiz\u00f3 el jueves, 26 de noviembre, un significativo acto de inauguraci\u00f3n formal, el mismo, fue presidido por la directora m\u00e9dico Regional del Ministerio de Salud en Chiriqu\u00ed, Gladys Novoa.<\/p>\n<p>La doctora Novoa, destac\u00f3 el trabajo ejecutado por los equipos para prevenir y desacelerar el contagio y poder controlar as\u00ed la pandemia del COVID-19 y brindar la atenci\u00f3n integral a los casos positivos y sus contactos.<\/p>\n<p>Esta ardua labor, se viene realizando desde la formaci\u00f3n de estos equipos, tras una iniciativa que desde mediado del presente a\u00f1o, plante\u00f3 el hoy ministro de salud, Francisco Sucre.<\/p>\n<p>&nbsp;<\/p>\n<p>Fuente: MINSA<\/p>\n","protected":false},"excerpt":{"rendered":"<p>El Centro de Operaciones de Control y Trazabilidad Comunitaria (COCYTC) <a href=\"https:\/\/sertv.gob.pa\/nacionalfm\/autoridad-de-salud-inaugura-cocyt-en-dolega\/\"> [&#8230;]<\/a><\/p>\n","protected":false},"author":9,"featured_media":62213,"comment_status":"closed","ping_status":"closed","sticky":false,"template":"","format":"standard","meta":{"footnotes":""},"categories":[5],"tags":[],"class_list":["post-62212","post","type-post","status-publish","format-standard","has-post-thumbnail","hentry","category-salud"],"_links":{"self":[{"href":"https:\/\/sertv.gob.pa\/nacionalfm\/wp-json\/wp\/v2\/posts\/62212","targetHints":{"allow":["GET"]}}],"collection":[{"href":"https:\/\/sertv.gob.pa\/nacionalfm\/wp-json\/wp\/v2\/posts"}],"about":[{"href":"https:\/\/sertv.gob.pa\/nacionalfm\/wp-json\/wp\/v2\/types\/post"}],"author":[{"embeddable":true,"href":"https:\/\/sertv.gob.pa\/nacionalfm\/wp-json\/wp\/v2\/users\/9"}],"replies":[{"embeddable":true,"href":"https:\/\/sertv.gob.pa\/nacionalfm\/wp-json\/wp\/v2\/comments?post=62212"}],"version-history":[{"count":1,"href":"https:\/\/sertv.gob.pa\/nacionalfm\/wp-json\/wp\/v2\/posts\/62212\/revisions"}],"predecessor-version":[{"id":62216,"href":"https:\/\/sertv.gob.pa\/nacionalfm\/wp-json\/wp\/v2\/posts\/62212\/revisions\/62216"}],"wp:featuredmedia":[{"embeddable":true,"href":"https:\/\/sertv.gob.pa\/nacionalfm\/wp-json\/wp\/v2\/media\/62213"}],"wp:attachment":[{"href":"https:\/\/sertv.gob.pa\/nacionalfm\/wp-json\/wp\/v2\/media?parent=62212"}],"wp:term":[{"taxonomy":"category","embeddable":true,"href":"https:\/\/sertv.gob.pa\/nacionalfm\/wp-json\/wp\/v2\/categories?post=62212"},{"taxonomy":"post_tag","embeddable":true,"href":"https:\/\/sertv.gob.pa\/nacionalfm\/wp-json\/wp\/v2\/tags?post=62212"}],"curies":[{"name":"wp","href":"https:\/\/api.w.org\/{rel}","templated":true}]}}