{"id":6240,"date":"2015-07-14T14:14:40","date_gmt":"2015-07-14T14:14:40","guid":{"rendered":""},"modified":"2015-07-14T14:14:40","modified_gmt":"2015-07-14T14:14:40","slug":"minsa-piden-a-poblacion-colaboracion-para-combatir-el-dengue","status":"publish","type":"post","link":"https:\/\/sertv.gob.pa\/nacionalfm\/minsa-piden-a-poblacion-colaboracion-para-combatir-el-dengue\/","title":{"rendered":"MINSA pide a la poblaci\u00f3n su apoyo para combatir el dengue"},"content":{"rendered":"<p>\nCon el objetivo de aplacar el brote de dengue que se observa a nivel nacional, el cual ha provocado la proliferaci\u00f3n del mosquito Aedes aegypti, las autoridades del Ministerio de Salud (MINSA), realizaron un llamado a la participaci\u00f3n activa de la poblaci\u00f3n, as\u00ed como de las instituciones. <\/p>\n<p>Al respecto, la directora de Salud del MINSA, Itza Barahona de Mosca, advirti\u00f3 que en Panam\u00e1, se han reportado 800 casos de dengue y solo 150 fueron contabilizados en Las Garzas de Pacora. <\/p>\n<p>En la actualidad, el Minsa, ha dado cuenta de una defunci\u00f3n en lo que va de 2015. <\/p>\n<p>\u00a0 <\/p>\n","protected":false},"excerpt":{"rendered":"<p>Con el objetivo de aplacar el brote de dengue que <a href=\"https:\/\/sertv.gob.pa\/nacionalfm\/minsa-piden-a-poblacion-colaboracion-para-combatir-el-dengue\/\"> [&#8230;]<\/a><\/p>\n","protected":false},"author":1,"featured_media":6241,"comment_status":"closed","ping_status":"closed","sticky":false,"template":"","format":"standard","meta":{"footnotes":""},"categories":[5],"tags":[],"class_list":["post-6240","post","type-post","status-publish","format-standard","has-post-thumbnail","hentry","category-salud"],"_links":{"self":[{"href":"https:\/\/sertv.gob.pa\/nacionalfm\/wp-json\/wp\/v2\/posts\/6240","targetHints":{"allow":["GET"]}}],"collection":[{"href":"https:\/\/sertv.gob.pa\/nacionalfm\/wp-json\/wp\/v2\/posts"}],"about":[{"href":"https:\/\/sertv.gob.pa\/nacionalfm\/wp-json\/wp\/v2\/types\/post"}],"author":[{"embeddable":true,"href":"https:\/\/sertv.gob.pa\/nacionalfm\/wp-json\/wp\/v2\/users\/1"}],"replies":[{"embeddable":true,"href":"https:\/\/sertv.gob.pa\/nacionalfm\/wp-json\/wp\/v2\/comments?post=6240"}],"version-history":[{"count":0,"href":"https:\/\/sertv.gob.pa\/nacionalfm\/wp-json\/wp\/v2\/posts\/6240\/revisions"}],"wp:featuredmedia":[{"embeddable":true,"href":"https:\/\/sertv.gob.pa\/nacionalfm\/wp-json\/wp\/v2\/media\/6241"}],"wp:attachment":[{"href":"https:\/\/sertv.gob.pa\/nacionalfm\/wp-json\/wp\/v2\/media?parent=6240"}],"wp:term":[{"taxonomy":"category","embeddable":true,"href":"https:\/\/sertv.gob.pa\/nacionalfm\/wp-json\/wp\/v2\/categories?post=6240"},{"taxonomy":"post_tag","embeddable":true,"href":"https:\/\/sertv.gob.pa\/nacionalfm\/wp-json\/wp\/v2\/tags?post=6240"}],"curies":[{"name":"wp","href":"https:\/\/api.w.org\/{rel}","templated":true}]}}